{"id":32082,"date":"2019-09-09T03:55:03","date_gmt":"2019-09-09T08:55:03","guid":{"rendered":"http:\/\/www.revistazetta.com\/?p=32082"},"modified":"2019-09-09T03:55:03","modified_gmt":"2019-09-09T08:55:03","slug":"la-musica-coral-brillo-festival-jazz-mompox","status":"publish","type":"post","link":"https:\/\/revistazetta.com\/?p=32082","title":{"rendered":"La m\u00fasica coral brill\u00f3 en el Festival de Jazz de Mompox"},"content":{"rendered":"<p>Las voces fueron protagonistas este s\u00e1bado en el 8\u00b0 Festival de Jazz de Mompox con las presentaciones de los coros Free Voices y Zino Yonusas de la Instituci\u00f3n Universitaria Bellas Artes y Ciencias\u00a0 de Bol\u00edvar (Unibac), que entusiasmaron con su talento, habilidad y carisma, a los momposinos y turistas.<\/p>\n<p>En la bas\u00edlica San Agust\u00edn estuvo presente el coro Free Voices, uno de los coros m\u00e1s reconocidos de la regi\u00f3n Caribe, con un espect\u00e1culo inspirado en las ra\u00edces africanas y caribe\u00f1as del g\u00f3spel. Dentro de su repertorio interpretaron melod\u00edas como \u201cCalvary\u201d, \u201cCircle of Life\u201d, \u201cGlorius\u201d y \u201cThe Lioness Hunt\u201d.<\/p>\n<p>M\u00e1s de 40 estudiantes del programa profesional de M\u00fasica del Conservatorio Adolfo Mej\u00eda de Unibac hacen parte de este grupo dirigido por el maestro \u00c1lvaro Mackenzie, que este a\u00f1o adem\u00e1s, debut\u00f3 en la tarima principal del Festival de la plaza Santa B\u00e1rbara, en la apertura de la programaci\u00f3n musical.<\/p>\n<p>En la iglesia de San Francisco, el coro polif\u00f3nico Zino Yonusas brind\u00f3 un repertorio coral universal variado con temas como \u201cNegro bemb\u00f3n\u201d, \u201cPeace\u201d, \u201cEl tortillero\u201d, \u201cEl pescador\u201d y \u201cAy linda amiga\u201d.<br \/>\nLos integrantes de este grupo son estudiantes del \u00e1rea de canto del Conservatorio de Unibac, dirigidos por el maestro Fernando Carrillo.<\/p>\n<p>El talento musical de la regi\u00f3n que se forma en Unibac tambi\u00e9n incluye conciertos de la Orquesta Sinf\u00f3nica de Bol\u00edvar, la Tropikalissima, Jazz and Jam, los <em>Street Jazz<\/em> y varios solistas como cortinillas en la tarima principal.<\/p>\n<p>El Festival de Jazz es organizado por la Gobernaci\u00f3n de Bol\u00edvar y el Instituto de Cultura y Turismo de Bol\u00edvar (Icultur).<\/p>\n","protected":false},"excerpt":{"rendered":"<p>Las voces fueron protagonistas este s\u00e1bado en el 8\u00b0 Festival de Jazz de Mompox con las presentaciones de los coros Free Voices y Zino Yonusas de la Instituci\u00f3n Universitaria Bellas Artes y Ciencias\u00a0 de Bol\u00edvar (Unibac), que entusiasmaron con su talento, habilidad y carisma, a los momposinos y turistas. En la bas\u00edlica San Agust\u00edn estuvo presente el coro Free Voices, uno de los coros m\u00e1s reconocidos de la regi\u00f3n Caribe, con un espect\u00e1culo inspirado en las ra\u00edces africanas y caribe\u00f1as del g\u00f3spel. Dentro de su repertorio interpretaron melod\u00edas como \u201cCalvary\u201d,&#8230; <\/p>\n","protected":false},"author":3,"featured_media":32083,"comment_status":"open","ping_status":"closed","sticky":false,"template":"","format":"standard","meta":{"footnotes":"","_links_to":"","_links_to_target":""},"categories":[75,41,43],"tags":[],"class_list":["post-32082","post","type-post","status-publish","format-standard","has-post-thumbnail","hentry","category-destacada","category-cultura","category-cultura-musica"],"_links":{"self":[{"href":"https:\/\/revistazetta.com\/index.php?rest_route=\/wp\/v2\/posts\/32082","targetHints":{"allow":["GET"]}}],"collection":[{"href":"https:\/\/revistazetta.com\/index.php?rest_route=\/wp\/v2\/posts"}],"about":[{"href":"https:\/\/revistazetta.com\/index.php?rest_route=\/wp\/v2\/types\/post"}],"author":[{"embeddable":true,"href":"https:\/\/revistazetta.com\/index.php?rest_route=\/wp\/v2\/users\/3"}],"replies":[{"embeddable":true,"href":"https:\/\/revistazetta.com\/index.php?rest_route=%2Fwp%2Fv2%2Fcomments&post=32082"}],"version-history":[{"count":0,"href":"https:\/\/revistazetta.com\/index.php?rest_route=\/wp\/v2\/posts\/32082\/revisions"}],"wp:featuredmedia":[{"embeddable":true,"href":"https:\/\/revistazetta.com\/index.php?rest_route=\/wp\/v2\/media\/32083"}],"wp:attachment":[{"href":"https:\/\/revistazetta.com\/index.php?rest_route=%2Fwp%2Fv2%2Fmedia&parent=32082"}],"wp:term":[{"taxonomy":"category","embeddable":true,"href":"https:\/\/revistazetta.com\/index.php?rest_route=%2Fwp%2Fv2%2Fcategories&post=32082"},{"taxonomy":"post_tag","embeddable":true,"href":"https:\/\/revistazetta.com\/index.php?rest_route=%2Fwp%2Fv2%2Ftags&post=32082"}],"curies":[{"name":"wp","href":"https:\/\/api.w.org\/{rel}","templated":true}]}}