{"id":32155,"date":"2019-09-13T06:23:01","date_gmt":"2019-09-13T11:23:01","guid":{"rendered":"http:\/\/www.revistazetta.com\/?p=32155"},"modified":"2019-09-13T06:23:01","modified_gmt":"2019-09-13T11:23:01","slug":"orbita-politica-john-zamora-viernes-13-septiembre-2019","status":"publish","type":"post","link":"https:\/\/revistazetta.com\/?p=32155","title":{"rendered":"\u00d3rbita Pol\u00edtica de John Zamora &#8211; viernes 13 de septiembre 2019"},"content":{"rendered":"<p><strong>Eliminar contralor\u00edas<\/strong><\/p>\n<p>Raz\u00f3n le asiste al senador \u00c1lvaro Uribe en su propuesta de eliminar las contralor\u00edas\u00a0territoriales. Veamos lo que por aqu\u00ed pasa:<\/p>\n<p>La Contralor\u00eda Distrital de Cartagena fue el bot\u00edn que desat\u00f3 el mayor esc\u00e1ndalo de corrupci\u00f3n del Concejo actual: un alcalde, 10 concejales y la contralora elegida en la c\u00e1rcel. Despu\u00e9s se supo que la contralora elegida no era id\u00f3nea. Desde su abrupta salida hay un contralor encargado, cuyo nombre y gesti\u00f3n nadie recuerda.<\/p>\n<p>En la Contralor\u00eda Departamental hay un contralor titular pero perece que jam\u00e1s se hubiera posesionado. No se sabe qui\u00e9n es ni qu\u00e9 hace.<\/p>\n<p>Ahh\u2026 me acord\u00e9\u2026 es Orlando Ayola, un exalumno salesiano\u2026 a quien varias veces le he pedido entrevista, pero nunca en cuatro a\u00f1os la ha concedido.<\/p>\n<p>Y as\u00ed pasa en todos los departamentos\u2026 las contralor\u00edas territoriales son una carga, un fort\u00edn pol\u00edtico, no recuperan un peso de lo que se roban los funcionarios, y no sirven para nada, salvo para hacer politiquer\u00eda.<\/p>\n<p>&nbsp;<\/p>\n<p><strong>Invest in comunication 2<\/strong><\/p>\n<p>A prop\u00f3sito de un comentario en esta columna, recibo esta respuesta que recibo con agrado, pero que me deja inquietudes que m\u00e1s adelante expondr\u00e9:<\/p>\n<p><span style=\"color: #000080;\"><em>Estimado Sr. Zamora,\u00a0<\/em><\/span><\/p>\n<p><span style=\"color: #000080;\"><em>Invest in Cartagena y Bol\u00edvar como agencia de promoci\u00f3n de inversi\u00f3n del territorio ha trabajado de forma conjunta y comprometida con el sector publico, privado , medios de comunicaci\u00f3n, academia y ciudadanos interesados en sumarse a la labor de posicionar a nuestra regi\u00f3n \u00a0en el mapa de la inversi\u00f3n local, nacional y extranjera.<\/em><\/span><\/p>\n<p><span style=\"color: #000080;\"><em>Nuestro prop\u00f3sito es que cada vez sean m\u00e1s reconocidas las potencialidades y ventajas competitivas del territorio que nos permiten consolidarnos como destino de inversi\u00f3n de talla mundial, y en esa medida, propiciamos espacios de interacci\u00f3n y comunicaci\u00f3n abiertos al p\u00fablico, sin distinci\u00f3n.\u00a0<\/em><\/span><\/p>\n<p><span style=\"color: #000080;\"><em>Estamos abiertos a seguir generando en conjunto noticias para Cartagena y Bol\u00edvar e interesados en contar con todos los medios de la ciudad para comunicarlas.<\/em><\/span><br \/>\n<span style=\"color: #000080;\"><em>Con respeto a la notificaci\u00f3n de nuestro evento Cartagena &amp; Bolivar Investment Summit, el comunicado oficial se lanz\u00f3 a todos los medios el pasado 5 de agosto. Las reflexiones sobre el CBSummit corresponden al contenido de una columna con la que contamos en El Universal desde hace un a\u00f1o en la cual aprovechando la coyuntura del evento reciente se publico sobre este tema. Por motivos de fuerza mayor , como es de tu conocimiento,\u00a0ten\u00edamos\u00a0definidas una acciones de comunicaciones que seguimos ajustando desde estos\u00a0\u00faltimos\u00a0dos meses.<\/em><\/span><\/p>\n<p><span style=\"color: #000080;\"><em>Agradecemos todos los espacios que nos concedan para comunicarnos y estamos prestos a hacer buen uso de ellos, como portadores de buenas noticias de Cartagena y Bol\u00edvar.<\/em><\/span><\/p>\n<p><span style=\"color: #000080;\"><em>un saludo,<\/em><\/span><\/p>\n<p><span style=\"color: #000080;\"><em><strong>Mar\u00eda Camila Salas S.\u00a0<\/strong><\/em><\/span><\/p>\n<p><span style=\"color: #000080;\"><em>Directora Ejecutiva<\/em><\/span><\/p>\n<p>&nbsp;<\/p>\n<p><strong>La altura del debate<\/strong><\/p>\n<p>De escasa estatura result\u00f3 una parte del p\u00fablico que asisti\u00f3 al debate que se organiz\u00f3 en Unisin\u00fa con la mayor\u00eda de los candidatos a la Alcald\u00eda.<\/p>\n<p>Sin escuchar razones y como orquestados con antelaci\u00f3n, comenzaron a gritarle \u201c\u00a1Chambac\u00fa Chambac\u00fa\u201d a Fernando Ara\u00fajo. Lo peor es que los organizadores no le dieron la oportunidad de replicar.<\/p>\n<p>En otro debate, esta vez radial, no hubo necesidad de desadaptados. Ni siquiera hubo debate de ideas sino exposici\u00f3n de montajes por parte de una candidata.<\/p>\n<p>As\u00ed, los debates est\u00e1n resultando la ant\u00edtesis de lo que buscan. En lugar de escenarios para confrontar programas, los est\u00e1n convirtiendo en espacio de insultos y falsas denuncias.<\/p>\n<p>Revista Zetta, Pol\u00edtica Heroica y Canal CNC y otros medios alternativos vamos a organizar un debate, ese s\u00ed de ideas, y con un formato muy edificante, hecho por periodistas. Les avisaremos.<\/p>\n","protected":false},"excerpt":{"rendered":"<p>Eliminar contralor\u00edas Raz\u00f3n le asiste al senador \u00c1lvaro Uribe en su propuesta de eliminar las contralor\u00edas\u00a0territoriales. Veamos lo que por aqu\u00ed pasa: La Contralor\u00eda Distrital de Cartagena fue el bot\u00edn que desat\u00f3 el mayor esc\u00e1ndalo de corrupci\u00f3n del Concejo actual: un alcalde, 10 concejales y la contralora elegida en la c\u00e1rcel. Despu\u00e9s se supo que la contralora elegida no era id\u00f3nea. Desde su abrupta salida hay un contralor encargado, cuyo nombre y gesti\u00f3n nadie recuerda. En la Contralor\u00eda Departamental hay un contralor titular pero perece que jam\u00e1s se hubiera posesionado&#8230;. <\/p>\n","protected":false},"author":3,"featured_media":32156,"comment_status":"open","ping_status":"closed","sticky":false,"template":"","format":"standard","meta":{"footnotes":"","_links_to":"","_links_to_target":""},"categories":[75,44,45],"tags":[],"class_list":["post-32155","post","type-post","status-publish","format-standard","has-post-thumbnail","hentry","category-destacada","category-materiagris","category-orbita"],"_links":{"self":[{"href":"https:\/\/revistazetta.com\/index.php?rest_route=\/wp\/v2\/posts\/32155","targetHints":{"allow":["GET"]}}],"collection":[{"href":"https:\/\/revistazetta.com\/index.php?rest_route=\/wp\/v2\/posts"}],"about":[{"href":"https:\/\/revistazetta.com\/index.php?rest_route=\/wp\/v2\/types\/post"}],"author":[{"embeddable":true,"href":"https:\/\/revistazetta.com\/index.php?rest_route=\/wp\/v2\/users\/3"}],"replies":[{"embeddable":true,"href":"https:\/\/revistazetta.com\/index.php?rest_route=%2Fwp%2Fv2%2Fcomments&post=32155"}],"version-history":[{"count":0,"href":"https:\/\/revistazetta.com\/index.php?rest_route=\/wp\/v2\/posts\/32155\/revisions"}],"wp:featuredmedia":[{"embeddable":true,"href":"https:\/\/revistazetta.com\/index.php?rest_route=\/wp\/v2\/media\/32156"}],"wp:attachment":[{"href":"https:\/\/revistazetta.com\/index.php?rest_route=%2Fwp%2Fv2%2Fmedia&parent=32155"}],"wp:term":[{"taxonomy":"category","embeddable":true,"href":"https:\/\/revistazetta.com\/index.php?rest_route=%2Fwp%2Fv2%2Fcategories&post=32155"},{"taxonomy":"post_tag","embeddable":true,"href":"https:\/\/revistazetta.com\/index.php?rest_route=%2Fwp%2Fv2%2Ftags&post=32155"}],"curies":[{"name":"wp","href":"https:\/\/api.w.org\/{rel}","templated":true}]}}