{"id":32157,"date":"2019-09-13T06:48:54","date_gmt":"2019-09-13T11:48:54","guid":{"rendered":"http:\/\/www.revistazetta.com\/?p=32157"},"modified":"2019-09-13T06:48:54","modified_gmt":"2019-09-13T11:48:54","slug":"seleccionado-operador-logistico-elecciones-cartagena","status":"publish","type":"post","link":"https:\/\/revistazetta.com\/?p=32157","title":{"rendered":"Seleccionado operador log\u00edstico para elecciones en Cartagena"},"content":{"rendered":"<p>Con el prop\u00f3sito de garantizar unas elecciones en paz, libres, seguras y transparentes, la Alcald\u00eda Mayor de Cartagena, a trav\u00e9s de la Secretar\u00eda General, adjudic\u00f3 hoy mediante licitaci\u00f3n p\u00fablica la contrataci\u00f3n de la empresa que apoyar\u00e1 a la Registradur\u00eda Nacional del Estado Civil Seccional Cartagena en la operaci\u00f3n log\u00edstica de los comicios del 27 de octubre.<\/p>\n<p>Se trata de la Uni\u00f3n Temporal Elecciones Cartagena 2019, conformada por las empresas Restaurante y Log\u00edstica J y S S.A.S. y OLANCO-CO S.A.S. Esta contrataci\u00f3n cuenta con un valor total de $2.325 millones, recursos que fueron aprobados por el Concejo Distrital.<\/p>\n<p>Martha Seidel Peralta, secretaria General del Distrito, asegur\u00f3 que \u201cesta contrataci\u00f3n tendr\u00e1 un plazo de ejecuci\u00f3n hasta el 15 de diciembre de este a\u00f1o, contados a partir del cumplimiento de los requisitos de ejecuci\u00f3n, aprobaci\u00f3n de Garant\u00eda \u00danica y suscripci\u00f3n de acta de inicio.\u201d<\/p>\n<p>De igual forma, el Distrito ya tiene garantizado el inmueble donde se realizar\u00e1n los escrutinios este a\u00f1o, debido que \u00e9stos no podr\u00e1n desarrollarse como en a\u00f1os anteriores en los escenarios deportivos, debido a que se encuentran en procesos de adecuaci\u00f3n para los Juegos Nacionales 2019.<\/p>\n<p>Con esta adjudicaci\u00f3n, se da cumplimiento al trabajo interinstitucional de la Comisi\u00f3n Distrital de Seguimiento Electoral y el pacto de cooperaci\u00f3n suscrito entre el alcalde, Pedrito Pereira Caballero, el Consejo Nacional Electoral y la Gobernaci\u00f3n de Bol\u00edvar.<\/p>\n","protected":false},"excerpt":{"rendered":"<p>Con el prop\u00f3sito de garantizar unas elecciones en paz, libres, seguras y transparentes, la Alcald\u00eda Mayor de Cartagena, a trav\u00e9s de la Secretar\u00eda General, adjudic\u00f3 hoy mediante licitaci\u00f3n p\u00fablica la contrataci\u00f3n de la empresa que apoyar\u00e1 a la Registradur\u00eda Nacional del Estado Civil Seccional Cartagena en la operaci\u00f3n log\u00edstica de los comicios del 27 de octubre. Se trata de la Uni\u00f3n Temporal Elecciones Cartagena 2019, conformada por las empresas Restaurante y Log\u00edstica J y S S.A.S. y OLANCO-CO S.A.S. Esta contrataci\u00f3n cuenta con un valor total de $2.325 millones, recursos&#8230; <\/p>\n","protected":false},"author":3,"featured_media":32158,"comment_status":"open","ping_status":"closed","sticky":false,"template":"","format":"standard","meta":{"footnotes":"","_links_to":"","_links_to_target":""},"categories":[32],"tags":[],"class_list":["post-32157","post","type-post","status-publish","format-standard","has-post-thumbnail","hentry","category-actualidad-distrito"],"_links":{"self":[{"href":"https:\/\/revistazetta.com\/index.php?rest_route=\/wp\/v2\/posts\/32157","targetHints":{"allow":["GET"]}}],"collection":[{"href":"https:\/\/revistazetta.com\/index.php?rest_route=\/wp\/v2\/posts"}],"about":[{"href":"https:\/\/revistazetta.com\/index.php?rest_route=\/wp\/v2\/types\/post"}],"author":[{"embeddable":true,"href":"https:\/\/revistazetta.com\/index.php?rest_route=\/wp\/v2\/users\/3"}],"replies":[{"embeddable":true,"href":"https:\/\/revistazetta.com\/index.php?rest_route=%2Fwp%2Fv2%2Fcomments&post=32157"}],"version-history":[{"count":0,"href":"https:\/\/revistazetta.com\/index.php?rest_route=\/wp\/v2\/posts\/32157\/revisions"}],"wp:featuredmedia":[{"embeddable":true,"href":"https:\/\/revistazetta.com\/index.php?rest_route=\/wp\/v2\/media\/32158"}],"wp:attachment":[{"href":"https:\/\/revistazetta.com\/index.php?rest_route=%2Fwp%2Fv2%2Fmedia&parent=32157"}],"wp:term":[{"taxonomy":"category","embeddable":true,"href":"https:\/\/revistazetta.com\/index.php?rest_route=%2Fwp%2Fv2%2Fcategories&post=32157"},{"taxonomy":"post_tag","embeddable":true,"href":"https:\/\/revistazetta.com\/index.php?rest_route=%2Fwp%2Fv2%2Ftags&post=32157"}],"curies":[{"name":"wp","href":"https:\/\/api.w.org\/{rel}","templated":true}]}}