{"id":32159,"date":"2019-09-13T06:56:34","date_gmt":"2019-09-13T11:56:34","guid":{"rendered":"http:\/\/www.revistazetta.com\/?p=32159"},"modified":"2019-09-13T06:56:34","modified_gmt":"2019-09-13T11:56:34","slug":"cartagena-necesita-transformacion-no-cambio-estetico-fernando-araujo","status":"publish","type":"post","link":"https:\/\/revistazetta.com\/?p=32159","title":{"rendered":"Cartagena necesita transformaci\u00f3n, no cambio est\u00e9tico: Fernando Ara\u00fajo"},"content":{"rendered":"<p>El candidato a la Alcald\u00eda de Cartagena, Fernando Ara\u00fajo, particip\u00f3 activamente en el primer debate de aspirantes a la Alcald\u00eda de la ciudad realizado en la Universidad del Sin\u00fa. En el espacio, Ara\u00fajo tuvo la oportunidad de contestar preguntas realizadas por estudiantes, ciudadanos y otros candidatos.<\/p>\n<p>Durante el encuentro, Fernando Ara\u00fajo tambi\u00e9n tuvo la oportunidad de dar a conocer sus propuestas y el aporte que har\u00e1 a comunidades de la zona insular, la inseguridad y c\u00f3mo trabajar\u00e1 incansablemente por erradicar la pobreza.<br \/>\n\u00abCartagena est\u00e1 en crisis y necesita una transformaci\u00f3n, no un cambio est\u00e9tico, la ciudad est\u00e1 sumida en la pobreza, tenemos que hacer buen gobierno, eficiente, sin corbata\u00bb, asegur\u00f3 Ara\u00fajo.<\/p>\n<p>Por otra parte, el aspirante pudo aclarar de manera contundente y con pruebas el tema relacionado con el lote de Chambac\u00fa, por el que varios asistentes le preguntaron.<\/p>\n","protected":false},"excerpt":{"rendered":"<p>El candidato a la Alcald\u00eda de Cartagena, Fernando Ara\u00fajo, particip\u00f3 activamente en el primer debate de aspirantes a la Alcald\u00eda de la ciudad realizado en la Universidad del Sin\u00fa. En el espacio, Ara\u00fajo tuvo la oportunidad de contestar preguntas realizadas por estudiantes, ciudadanos y otros candidatos. Durante el encuentro, Fernando Ara\u00fajo tambi\u00e9n tuvo la oportunidad de dar a conocer sus propuestas y el aporte que har\u00e1 a comunidades de la zona insular, la inseguridad y c\u00f3mo trabajar\u00e1 incansablemente por erradicar la pobreza. \u00abCartagena est\u00e1 en crisis y necesita una transformaci\u00f3n,&#8230; <\/p>\n","protected":false},"author":3,"featured_media":32160,"comment_status":"open","ping_status":"closed","sticky":false,"template":"","format":"standard","meta":{"footnotes":"","_links_to":"","_links_to_target":""},"categories":[75,4],"tags":[],"class_list":["post-32159","post","type-post","status-publish","format-standard","has-post-thumbnail","hentry","category-destacada","category-politica"],"_links":{"self":[{"href":"https:\/\/revistazetta.com\/index.php?rest_route=\/wp\/v2\/posts\/32159","targetHints":{"allow":["GET"]}}],"collection":[{"href":"https:\/\/revistazetta.com\/index.php?rest_route=\/wp\/v2\/posts"}],"about":[{"href":"https:\/\/revistazetta.com\/index.php?rest_route=\/wp\/v2\/types\/post"}],"author":[{"embeddable":true,"href":"https:\/\/revistazetta.com\/index.php?rest_route=\/wp\/v2\/users\/3"}],"replies":[{"embeddable":true,"href":"https:\/\/revistazetta.com\/index.php?rest_route=%2Fwp%2Fv2%2Fcomments&post=32159"}],"version-history":[{"count":0,"href":"https:\/\/revistazetta.com\/index.php?rest_route=\/wp\/v2\/posts\/32159\/revisions"}],"wp:featuredmedia":[{"embeddable":true,"href":"https:\/\/revistazetta.com\/index.php?rest_route=\/wp\/v2\/media\/32160"}],"wp:attachment":[{"href":"https:\/\/revistazetta.com\/index.php?rest_route=%2Fwp%2Fv2%2Fmedia&parent=32159"}],"wp:term":[{"taxonomy":"category","embeddable":true,"href":"https:\/\/revistazetta.com\/index.php?rest_route=%2Fwp%2Fv2%2Fcategories&post=32159"},{"taxonomy":"post_tag","embeddable":true,"href":"https:\/\/revistazetta.com\/index.php?rest_route=%2Fwp%2Fv2%2Ftags&post=32159"}],"curies":[{"name":"wp","href":"https:\/\/api.w.org\/{rel}","templated":true}]}}