{"id":32165,"date":"2019-09-13T18:03:55","date_gmt":"2019-09-13T23:03:55","guid":{"rendered":"http:\/\/www.revistazetta.com\/?p=32165"},"modified":"2019-09-13T18:03:55","modified_gmt":"2019-09-13T23:03:55","slug":"inicia-la-exencion-renta-siete-anos-empresas-la-economia-naranja","status":"publish","type":"post","link":"https:\/\/revistazetta.com\/?p=32165","title":{"rendered":"Inicia la exenci\u00f3n de renta por siete a\u00f1os para empresas de la Econom\u00eda Naranja"},"content":{"rendered":"<p>El presidente Iv\u00e1n Duque\u00a0<strong>firm\u00f3 el decreto 1669 de 2019<\/strong>, mediante el cual se reglamentan disposiciones del Estatuto Tributario y se adicionan normas al Decreto \u00danico Reglamentario en Materia Tributaria en beneficio de las industrias creativas y culturales.<\/p>\n<p>Como lo hab\u00eda anunciado la ministra de Cultura, Carmen In\u00e9s V\u00e1squez Camacho, el\u00a0<strong>Gobierno Nacional avanza en la reglamentaci\u00f3n de los beneficios tributarios para el impulso de la econom\u00eda creativa o naranja del pa\u00eds<\/strong>, aprobados en la Ley de reactivaci\u00f3n econ\u00f3mica (Ley 1943 de 2018) y el Plan Nacional de Desarrollo.<\/p>\n<p>Con la firma del Decreto\u00a0<strong>se oficializa la exenci\u00f3n de renta por siete a\u00f1os las empresas existentes cuyo objeto social se enmarque exclusivamente en las industrias creativas y de base tecnol\u00f3gica,\u00a0<\/strong>y que tengan ingresos brutos anuales inferiores a 80 mil UVT (unos $2.700 millones en 2019).<\/p>\n<p>Este beneficio est\u00e1 dirigido a empresas que se dediquen principalmente a actividades que generen valor agregado en las\u00a0<strong>actividades creativas y de base tecnol\u00f3gica<\/strong>\u00a0establecidas en el decreto.<\/p>\n<p>Tambi\u00e9n\u00a0<strong>beneficiar\u00e1 a las nuevas empresas que se establezcan antes del 31 de diciembre de 2021,<\/strong>\u00a0las cuales tendr\u00e1n cero impuesto de renta durante los primeros siete a\u00f1os, \u201cpara que el emprendimiento pueda crecer, pero\u00a0<strong>condicionado a un m\u00ednimo de inversi\u00f3n y un m\u00ednimo empleos<\/strong>\u00ab, como lo afirm\u00f3 el presidente de la Rep\u00fablica, Iv\u00e1n Duque.<\/p>\n<p>Son un total de 27 tipos de actividades que beneficiar\u00edan hasta 40 mil empresas existentes. \u00c9stas\u00a0<strong>deber\u00e1n realizar un m\u00ednimo de inversiones y de creaci\u00f3n de empleos formales<\/strong>, que en ning\u00fan caso puede ser inferior a tres empleados.<\/p>\n<p>La Ministra de Cultura afirm\u00f3 que con este decreto \u201cLe estamos cumpliendo al sector. Con esta reglamentaci\u00f3n Colombia avanza en el fortalecimiento y creaci\u00f3n de mecanismos que permiten desarrollar el potencial econ\u00f3mico de la cultura y en la\u00a0<strong>generaci\u00f3n de condiciones para la sostenibilidad de las organizaciones y agentes que la conforman<\/strong>, apalancando el desarrollo social y econ\u00f3mico de los territorios\u201d.<\/p>\n<p>Los c\u00f3digos CIIU incluidos en el decreto corresponde a 27 actividades que se enmarcan en la Econom\u00eda Naranja<strong>\u00a0(son 26 c\u00f3digos CIIU m\u00e1s turismo cultural).\u00a0<\/strong><\/p>\n<p>Esto incluye, entre otras, a la producci\u00f3n y posproducci\u00f3n audiovisual en varias categor\u00edas; la edici\u00f3n de libros; l<strong>a creaci\u00f3n, en un gran n\u00famero de \u00e1mbitos, para las artes; la conservaci\u00f3n y el funcionamiento de museos, as\u00ed como de edificios y sitios hist\u00f3ricos relacionados con la cultura y la creatividad<\/strong>; las investigaciones y el desarrollo experimental en el campo de las ciencias sociales y las humanidades; la fabricaci\u00f3n de joyas, bisuter\u00eda y art\u00edculos conexos; las actividades relacionadas al turismo cultural; y el desarrollo de sistemas inform\u00e1ticos y el desarrollo de software. Tambi\u00e9n aplican las actividades teatrales, los espect\u00e1culos musicales y otras formas de entretenimiento en vivo.<\/p>\n<p>Las empresas interesadas\u00a0<strong>deber\u00e1n presentar un proyecto ante el Comit\u00e9 de Econom\u00eda Naranja del Ministerio de Cultura<\/strong>, para lo cual,<strong>\u00a0a partir del 1 de octubre<\/strong>\u00a0podr\u00e1n verificar su elegibilidad y los requisitos en el portal\u00a0<strong><a href=\"https:\/\/www.economianaranja.gov.co\/\" target=\"_blank\" rel=\"noopener\" data-saferedirecturl=\"https:\/\/www.google.com\/url?q=https:\/\/www.economianaranja.gov.co&amp;source=gmail&amp;ust=1568483688461000&amp;usg=AFQjCNEI0nbmqAMwuOxcRGtNmXnNYepljA\">www.economianaranja.<wbr \/>gov.co<\/a><\/strong>.<\/p>\n<p>Sobre la Pol\u00edtica Integral de Econom\u00eda Naranja<\/p>\n<p>La Econom\u00eda Naranja reconoce la complejidad y las especificidades del sector, as\u00ed como las potencialidades, vocaciones y necesidades de los territorios y sus comunidades.<\/p>\n<p>Tiene un enfoque diferencial que\u00a0<strong>busca identificar en los territorios los diferentes potenciales y modelos de gesti\u00f3n<\/strong>, desde los comunitarios o sin \u00e1nimo de lucro, hasta los emprendimientos emergentes y las empresas m\u00e1s consolidadas.<\/p>\n<p>Actualmente\u00a0<strong>21 agencias del orden nacional est\u00e1n articuladas para apoyar los emprendimientos creativos y culturales de los colombianos<\/strong>\u00a0por medio de 70 programas (planes, estrategias y presupuestos).<\/p>\n","protected":false},"excerpt":{"rendered":"<p>El presidente Iv\u00e1n Duque\u00a0firm\u00f3 el decreto 1669 de 2019, mediante el cual se reglamentan disposiciones del Estatuto Tributario y se adicionan normas al Decreto \u00danico Reglamentario en Materia Tributaria en beneficio de las industrias creativas y culturales. Como lo hab\u00eda anunciado la ministra de Cultura, Carmen In\u00e9s V\u00e1squez Camacho, el\u00a0Gobierno Nacional avanza en la reglamentaci\u00f3n de los beneficios tributarios para el impulso de la econom\u00eda creativa o naranja del pa\u00eds, aprobados en la Ley de reactivaci\u00f3n econ\u00f3mica (Ley 1943 de 2018) y el Plan Nacional de Desarrollo. Con la firma&#8230; <\/p>\n","protected":false},"author":3,"featured_media":31949,"comment_status":"open","ping_status":"closed","sticky":false,"template":"","format":"standard","meta":{"footnotes":"","_links_to":"","_links_to_target":""},"categories":[2,35],"tags":[],"class_list":["post-32165","post","type-post","status-publish","format-standard","has-post-thumbnail","hentry","category-actualidad","category-actualidad-nacion"],"_links":{"self":[{"href":"https:\/\/revistazetta.com\/index.php?rest_route=\/wp\/v2\/posts\/32165","targetHints":{"allow":["GET"]}}],"collection":[{"href":"https:\/\/revistazetta.com\/index.php?rest_route=\/wp\/v2\/posts"}],"about":[{"href":"https:\/\/revistazetta.com\/index.php?rest_route=\/wp\/v2\/types\/post"}],"author":[{"embeddable":true,"href":"https:\/\/revistazetta.com\/index.php?rest_route=\/wp\/v2\/users\/3"}],"replies":[{"embeddable":true,"href":"https:\/\/revistazetta.com\/index.php?rest_route=%2Fwp%2Fv2%2Fcomments&post=32165"}],"version-history":[{"count":0,"href":"https:\/\/revistazetta.com\/index.php?rest_route=\/wp\/v2\/posts\/32165\/revisions"}],"wp:featuredmedia":[{"embeddable":true,"href":"https:\/\/revistazetta.com\/index.php?rest_route=\/wp\/v2\/media\/31949"}],"wp:attachment":[{"href":"https:\/\/revistazetta.com\/index.php?rest_route=%2Fwp%2Fv2%2Fmedia&parent=32165"}],"wp:term":[{"taxonomy":"category","embeddable":true,"href":"https:\/\/revistazetta.com\/index.php?rest_route=%2Fwp%2Fv2%2Fcategories&post=32165"},{"taxonomy":"post_tag","embeddable":true,"href":"https:\/\/revistazetta.com\/index.php?rest_route=%2Fwp%2Fv2%2Ftags&post=32165"}],"curies":[{"name":"wp","href":"https:\/\/api.w.org\/{rel}","templated":true}]}}