{"id":32166,"date":"2019-09-13T18:11:32","date_gmt":"2019-09-13T23:11:32","guid":{"rendered":"http:\/\/www.revistazetta.com\/?p=32166"},"modified":"2019-09-13T18:11:32","modified_gmt":"2019-09-13T23:11:32","slug":"mujer-centro-la-cumbre-mundial-maritima","status":"publish","type":"post","link":"https:\/\/revistazetta.com\/?p=32166","title":{"rendered":"Mujer, centro de la Cumbre Mundial Mar\u00edtima"},"content":{"rendered":"<p>La mujer mar\u00edtima ser\u00e1 la protagonista de la Cumbre Mundial del sector, a realizarse del 15 al 17 de septiembre, en Cartagena, y que instalar\u00e1 la Vicepresidente Marta Luc\u00eda Ram\u00edrez, con presencia del Secretario General de la OMI, Kitack Lim y de 174 delegaciones internacionales.<\/p>\n<p>Desde este lunes, en el Centro de Convenciones, el pa\u00eds ser\u00e1 escenario, por primera vez, de la celebraci\u00f3n del D\u00eda Mar\u00edtimo Mundial, el acontecimiento m\u00e1s importante del mundo en este sector.<\/p>\n<p>La convocatoria, bajo el lema \u201cEmpoderando a la mujer en la comunidad mar\u00edtima\u201d, har\u00e1 \u00e9nfasis en la necesidad de aumentar la presencia femenina en los mares y ello va de la mano del quinto Objetivo de Desarrollo Sostenible de la ONU, que resalta la igualdad de g\u00e9nero, y est\u00e1 alineado con el empoderamiento femenino que promueve la Vicepresidente de la Rep\u00fablica, quien actualmente preside la Comisi\u00f3n Colombiana del Oc\u00e9ano.<\/p>\n<p>En el marco de la Cumbre, se llevar\u00e1 a cabo el Primer Encuentro de la Red de Asociaci\u00f3n de Mujeres de las Autoridades Mar\u00edtimas de Latinoam\u00e9rica (Mamla), convocado para promover la formaci\u00f3n y el reconocimiento de las mujeres del sector. Se trata de implementar una estrategia que evidencie su estatus dentro de las autoridades mar\u00edtimas e identifique los desaf\u00edos futuros. Tambi\u00e9n se realizar\u00e1 la Reuni\u00f3n Ordinaria Acuerdo Vi\u00f1a del Mar, en la que se abordar\u00e1n temas relacionados con el control de buques.<\/p>\n<p>El encuentro, liderado por la Organizaci\u00f3n Mar\u00edtima Internacional (OMI), y en Colombia a cargo de la Direcci\u00f3n General Mar\u00edtima, DIMAR, analizar\u00e1 la seguridad integral mar\u00edtima, la protecci\u00f3n del medio marino y la facilitaci\u00f3n del transporte internacional.<\/p>\n<p>Colombia, cuyo espacio geogr\u00e1fico est\u00e1 representado en un 44.86% por mar, cuenta con una posici\u00f3n estrat\u00e9gica, ya que por sus aguas circulan las principales rutas mar\u00edtimas internacionales. Sus mares representan el 90% del comercio nacional y son la principal fuente de desarrollo del pa\u00eds en tecnolog\u00eda, industria, recreaci\u00f3n, transporte y productos de primera necesidad.<\/p>\n<p>A la Cumbre asistir\u00e1n los Estados parte de la OMI, potenciales aliados estrat\u00e9gicos para el desarrollo de los intereses econ\u00f3micos, sociales y culturales de Colombia.<\/p>\n","protected":false},"excerpt":{"rendered":"<p>La mujer mar\u00edtima ser\u00e1 la protagonista de la Cumbre Mundial del sector, a realizarse del 15 al 17 de septiembre, en Cartagena, y que instalar\u00e1 la Vicepresidente Marta Luc\u00eda Ram\u00edrez, con presencia del Secretario General de la OMI, Kitack Lim y de 174 delegaciones internacionales. Desde este lunes, en el Centro de Convenciones, el pa\u00eds ser\u00e1 escenario, por primera vez, de la celebraci\u00f3n del D\u00eda Mar\u00edtimo Mundial, el acontecimiento m\u00e1s importante del mundo en este sector. La convocatoria, bajo el lema \u201cEmpoderando a la mujer en la comunidad mar\u00edtima\u201d, har\u00e1&#8230; <\/p>\n","protected":false},"author":3,"featured_media":32167,"comment_status":"open","ping_status":"closed","sticky":false,"template":"","format":"standard","meta":{"footnotes":"","_links_to":"","_links_to_target":""},"categories":[75],"tags":[],"class_list":["post-32166","post","type-post","status-publish","format-standard","has-post-thumbnail","hentry","category-destacada"],"_links":{"self":[{"href":"https:\/\/revistazetta.com\/index.php?rest_route=\/wp\/v2\/posts\/32166","targetHints":{"allow":["GET"]}}],"collection":[{"href":"https:\/\/revistazetta.com\/index.php?rest_route=\/wp\/v2\/posts"}],"about":[{"href":"https:\/\/revistazetta.com\/index.php?rest_route=\/wp\/v2\/types\/post"}],"author":[{"embeddable":true,"href":"https:\/\/revistazetta.com\/index.php?rest_route=\/wp\/v2\/users\/3"}],"replies":[{"embeddable":true,"href":"https:\/\/revistazetta.com\/index.php?rest_route=%2Fwp%2Fv2%2Fcomments&post=32166"}],"version-history":[{"count":0,"href":"https:\/\/revistazetta.com\/index.php?rest_route=\/wp\/v2\/posts\/32166\/revisions"}],"wp:featuredmedia":[{"embeddable":true,"href":"https:\/\/revistazetta.com\/index.php?rest_route=\/wp\/v2\/media\/32167"}],"wp:attachment":[{"href":"https:\/\/revistazetta.com\/index.php?rest_route=%2Fwp%2Fv2%2Fmedia&parent=32166"}],"wp:term":[{"taxonomy":"category","embeddable":true,"href":"https:\/\/revistazetta.com\/index.php?rest_route=%2Fwp%2Fv2%2Fcategories&post=32166"},{"taxonomy":"post_tag","embeddable":true,"href":"https:\/\/revistazetta.com\/index.php?rest_route=%2Fwp%2Fv2%2Ftags&post=32166"}],"curies":[{"name":"wp","href":"https:\/\/api.w.org\/{rel}","templated":true}]}}