{"id":32168,"date":"2019-09-13T19:05:02","date_gmt":"2019-09-14T00:05:02","guid":{"rendered":"http:\/\/www.revistazetta.com\/?p=32168"},"modified":"2019-09-13T19:05:02","modified_gmt":"2019-09-14T00:05:02","slug":"proyecto-salvavidas-bracea-aprobacion","status":"publish","type":"post","link":"https:\/\/revistazetta.com\/?p=32168","title":{"rendered":"Proyecto de salvavidas \u201cbracea\u201d para su aprobaci\u00f3n"},"content":{"rendered":"<p>La audiencia p\u00fablica del proyecto donde el alcalde pide autorizaci\u00f3n para garantizar la estabilidad laboral, seguridad social y pensional al grupo de Salvavidas, es decir, \u00a0incluirlos en la planta de personal del Distrito, tuvo mejor clima que el de otros proyectos, cuya traves\u00eda afronta turbulencias.<\/p>\n<p>\u201cSe analiz\u00f3 la viabilidad de darle facultades al alcalde de Cartagena para que se hagan los estudios t\u00e9cnicos y financieros para la creaci\u00f3n de los cargos de salvavidas de Cartagena, todo esto en el marco de la reforma al Acuerdo 020 de 2016 que eleva a la categor\u00eda de servicio p\u00fablico esencial el ejercicio de salvamento y recate n\u00e1utico en Cartagena\u201d, detall\u00f3 Gabriel Vergara Lago, director de Distriseguridad.<\/p>\n<p>\u201cAdem\u00e1s otras disposiciones por medio de las cu\u00e1les se busca que el Cuerpo de Salvavidas del Distrito sea financiado por la Secretar\u00eda del Interior que es la unidad ejecutora del Cuerpo de Bomberos, que a su vez, es el coordinador operativo del Cuerpo de Salvavidas\u201d, agreg\u00f3 el funcionario Distrital.<\/p>\n<p>En la audiencia se escuch\u00f3 el testimonio de varios salvavidas de la ciudad, que llevan 18 a\u00f1os prestando este servicio en las playas de Cartagena y sus corregimientos, quienes relataron que todos los a\u00f1os se le repite la misma historia de trabajar dos meses gratis, sin contratos, para luego bregar para que se concrete la vinculaci\u00f3n.<\/p>\n<p>\u201cLos salvavidas de Cartagena venimos trabajando de una manera que no es la adecuada desde hace casi 20 a\u00f1os bajo la modalidad de Orden por Prestaci\u00f3n de Servicios (OPS) que entre una vigencia fiscal y otra, una administraci\u00f3n y otra, quedamos a la intemperie laboral pero con el compromiso y responsabilidad de no abandonar las playas porque lo que est\u00e1 en juego son vidas humanas y el resultado de la ausencia de los salvavidas en estos casos resulta fatal\u201d, afirm\u00f3 Marvin Oyola, vocero de los salvavidas.<\/p>\n<p>C\u00e9sar Pi\u00f3n Gonz\u00e1lez, concejal de la bancada de la U, fue el primero en decirle a los salvavidas que el Concejo s\u00ed ha regulado a favor de ellos y que es responsabilidad de los alcaldes de turno en no aplicar los proyectos de acuerdo aprobados por la corporaci\u00f3n en ese mismo sentido. Pi\u00f3n record\u00f3 que el 26 de diciembre del a\u00f1o 2016, se aprobaron las facultades al alcalde para el mismo prop\u00f3sito que hoy se solicita y que podr\u00edan estar incurriendo en complicidad por omisi\u00f3n.<\/p>\n<p>Erich Pi\u00f1a, concejal del Partido Liberal y autor del proyecto de acuerdo aprobado en el a\u00f1o 2016, cant\u00f3 su voto negativo porque se ha vuelto costumbre que el Concejo aprueba y el ejecutivo no la pone en pr\u00e1ctica. \u201cAhora a la carreta nos piden que autoricemos unas facultades que ya est\u00e1n entregadas\u201d.<\/p>\n<p>Duvinia Torres Cohen, concejal de la bancada de la U, manifest\u00f3 que est\u00e1 declarada una negligencia administrativa de los diversos alcaldes de turno que han pasado en no haber agregado a la planta de personal de la alcald\u00eda al grupo de Salvavidas. Torres Cohen solicit\u00f3 al director de Distriseguridad una relaci\u00f3n detallada de las personas que forman y formaron parte del grupo de salvavidas, con el tiempo de servicio que llevan en esas actividades, para que sean esas mismas personas las que ingresen y no se presenten colados.<\/p>\n<p>Javier Curi Osorio, concejal liberal y coordinador ponente de esta iniciativa, lament\u00f3 la ausencia de la jefe de Talento Humano de la Alcald\u00eda y del comandante del Cuerpo de Bomberos, quienes tambi\u00e9n son directos responsables de la iniciativa. Expres\u00f3 que desde el a\u00f1o 2012, existe la Ley de Bomberos y en Cartagena no se ha adoptado. Explic\u00f3 que lleg\u00f3 la hora de rescatar el tiempo perdido para los salvavidas de Cartagena y que tienen plazo hasta el 31 de diciembre para estudian y aprobar la iniciativa.<\/p>\n","protected":false},"excerpt":{"rendered":"<p>La audiencia p\u00fablica del proyecto donde el alcalde pide autorizaci\u00f3n para garantizar la estabilidad laboral, seguridad social y pensional al grupo de Salvavidas, es decir, \u00a0incluirlos en la planta de personal del Distrito, tuvo mejor clima que el de otros proyectos, cuya traves\u00eda afronta turbulencias. \u201cSe analiz\u00f3 la viabilidad de darle facultades al alcalde de Cartagena para que se hagan los estudios t\u00e9cnicos y financieros para la creaci\u00f3n de los cargos de salvavidas de Cartagena, todo esto en el marco de la reforma al Acuerdo 020 de 2016 que eleva&#8230; <\/p>\n","protected":false},"author":3,"featured_media":32169,"comment_status":"open","ping_status":"closed","sticky":false,"template":"","format":"standard","meta":{"footnotes":"","_links_to":"","_links_to_target":""},"categories":[75,4],"tags":[],"class_list":["post-32168","post","type-post","status-publish","format-standard","has-post-thumbnail","hentry","category-destacada","category-politica"],"_links":{"self":[{"href":"https:\/\/revistazetta.com\/index.php?rest_route=\/wp\/v2\/posts\/32168","targetHints":{"allow":["GET"]}}],"collection":[{"href":"https:\/\/revistazetta.com\/index.php?rest_route=\/wp\/v2\/posts"}],"about":[{"href":"https:\/\/revistazetta.com\/index.php?rest_route=\/wp\/v2\/types\/post"}],"author":[{"embeddable":true,"href":"https:\/\/revistazetta.com\/index.php?rest_route=\/wp\/v2\/users\/3"}],"replies":[{"embeddable":true,"href":"https:\/\/revistazetta.com\/index.php?rest_route=%2Fwp%2Fv2%2Fcomments&post=32168"}],"version-history":[{"count":0,"href":"https:\/\/revistazetta.com\/index.php?rest_route=\/wp\/v2\/posts\/32168\/revisions"}],"wp:featuredmedia":[{"embeddable":true,"href":"https:\/\/revistazetta.com\/index.php?rest_route=\/wp\/v2\/media\/32169"}],"wp:attachment":[{"href":"https:\/\/revistazetta.com\/index.php?rest_route=%2Fwp%2Fv2%2Fmedia&parent=32168"}],"wp:term":[{"taxonomy":"category","embeddable":true,"href":"https:\/\/revistazetta.com\/index.php?rest_route=%2Fwp%2Fv2%2Fcategories&post=32168"},{"taxonomy":"post_tag","embeddable":true,"href":"https:\/\/revistazetta.com\/index.php?rest_route=%2Fwp%2Fv2%2Ftags&post=32168"}],"curies":[{"name":"wp","href":"https:\/\/api.w.org\/{rel}","templated":true}]}}