{"id":32172,"date":"2019-09-14T09:33:43","date_gmt":"2019-09-14T14:33:43","guid":{"rendered":"http:\/\/www.revistazetta.com\/?p=32172"},"modified":"2019-09-14T09:33:43","modified_gmt":"2019-09-14T14:33:43","slug":"noviembre-llego-resono","status":"publish","type":"post","link":"https:\/\/revistazetta.com\/?p=32172","title":{"rendered":"\u00a1Noviembre lleg\u00f3 y reson\u00f3!"},"content":{"rendered":"<p><img loading=\"lazy\" decoding=\"async\" class=\"aligncenter wp-image-32180 size-large\" src=\"https:\/\/www.revistazetta.com\/wp-content\/uploads\/2019\/09\/PHOTO-2019-09-14-07-24-48-2-1024x682.jpg\" alt=\"\" width=\"1024\" height=\"682\" srcset=\"https:\/\/revistazetta.com\/wp-content\/uploads\/2019\/09\/PHOTO-2019-09-14-07-24-48-2-1024x682.jpg 1024w, https:\/\/revistazetta.com\/wp-content\/uploads\/2019\/09\/PHOTO-2019-09-14-07-24-48-2-300x200.jpg 300w, https:\/\/revistazetta.com\/wp-content\/uploads\/2019\/09\/PHOTO-2019-09-14-07-24-48-2-219x146.jpg 219w, https:\/\/revistazetta.com\/wp-content\/uploads\/2019\/09\/PHOTO-2019-09-14-07-24-48-2-50x33.jpg 50w, https:\/\/revistazetta.com\/wp-content\/uploads\/2019\/09\/PHOTO-2019-09-14-07-24-48-2-113x75.jpg 113w, https:\/\/revistazetta.com\/wp-content\/uploads\/2019\/09\/PHOTO-2019-09-14-07-24-48-2.jpg 1280w\" sizes=\"auto, (max-width: 1024px) 100vw, 1024px\" \/><\/p>\n<p>En un espect\u00e1culo que llen\u00f3 de color y m\u00fasica la noche, la Alcald\u00eda de Cartagena a trav\u00e9s del Instituto de Patrimonio y Cultura de Cartagena &#8211; IPCC, hizo resonar el coraz\u00f3n de propios y visitantes gracias al Lanzamiento de las Fiestas de Independencia del 11 de Noviembre 2019 \u201cResuena Cartagena Volumen 2\u201d.<\/p>\n<p>En la emblem\u00e1tica Plaza de la Aduana, la ciudad Heroica volvi\u00f3 a sentir la pasi\u00f3n por sus tradiciones en un show que reuni\u00f3 a m\u00e1s de 200 artistas, unas fiestas para todos que este a\u00f1o rinden homenaje a los dos siglos de historia musical t\u00edpica novembrina.<\/p>\n<p><img loading=\"lazy\" decoding=\"async\" class=\"size-medium wp-image-32176 alignright\" src=\"https:\/\/www.revistazetta.com\/wp-content\/uploads\/2019\/09\/PHOTO-2019-09-13-19-53-47-300x200.jpg\" alt=\"\" width=\"300\" height=\"200\" srcset=\"https:\/\/revistazetta.com\/wp-content\/uploads\/2019\/09\/PHOTO-2019-09-13-19-53-47-300x200.jpg 300w, https:\/\/revistazetta.com\/wp-content\/uploads\/2019\/09\/PHOTO-2019-09-13-19-53-47.jpg 1024w, https:\/\/revistazetta.com\/wp-content\/uploads\/2019\/09\/PHOTO-2019-09-13-19-53-47-219x146.jpg 219w, https:\/\/revistazetta.com\/wp-content\/uploads\/2019\/09\/PHOTO-2019-09-13-19-53-47-50x33.jpg 50w, https:\/\/revistazetta.com\/wp-content\/uploads\/2019\/09\/PHOTO-2019-09-13-19-53-47-112x75.jpg 112w\" sizes=\"auto, (max-width: 300px) 100vw, 300px\" \/>La alegr\u00eda abri\u00f3 la noche con la transmisi\u00f3n de mando a Los Nuevos Grandes Lanceros 2019, Regina Guzm\u00e1n y Harold Herrera, quienes en compa\u00f1\u00eda de los actores festivos y los lanceros anteriores, recibieron la lanza que los identifica como m\u00e1xima autoridad festiva.<\/p>\n<p>Con belleza el escenario brill\u00f3 al realizarse la imposici\u00f3n de bandas a las 30 candidatas del Reinado de Independencia por parte del Alcalde Pedrito Pereira, la Gestora Social del Distrito, Eliana Bustillo y el director del IPCC, Iv\u00e1n Sanes. De esta forma, las candidatas acreditan la representaci\u00f3n de sus comunidades y su compromiso con los valores culturales.<\/p>\n<p>El alcalde de Cartagena, Pedrito Pereira, di\u00f3 la bienvenida a las Fiestas de Independencia 2019, se\u00f1alando que con estas \u00abno solo conmemoramos nuestra gesta de libertad sino que rendimos tributo a nuestra esencia cartagenera, esa que habita en nuestras almas luchadoras. \u00a1Cartagena esta es tu fiesta, tu alegr\u00eda sin final; unidos lo hemos logrado! Hoy reafirmamos el compromiso con el futuro de nuestras tradiciones\u00bb.<\/p>\n<p>El gozo de las fiestas invadi\u00f3 el escenario con \u201cResuena Cartagena: Dos Siglos de Historia Musical\u201d, una presentaci\u00f3n que integr\u00f3 al Ballet Folcl\u00f3rico Calenda y el Conjunto Folcl\u00f3rico Nacional Ekobios, invitando al p\u00fablico a dejarse llevar por los ritmos y colores caribe\u00f1os que hacen de \u00e9sta una ciudad \u00fanica. El talento urbano se hizo presente con Mokidz Flavor y Latin Dance quienes a trav\u00e9s del break dance y el hip hop mostraron que las fiestas siguen siendo un proyecto de ciudad.<\/p>\n<p>Abrazada por m\u00fasica, la noche avanzaba y Juan Carlos Coronel lleg\u00f3 decidido a enamorar corazones al son de \u201cAmor en Silencio\u201d y \u201cT\u00fa no est\u00e1s\u201d, el p\u00fablico se levant\u00f3 de las sillas entreg\u00e1ndose al baile tropical.<\/p>\n<p>Jos\u00e9 Madrid y su banda show, acompa\u00f1ados por Carlos Boh\u00f3rquez, prendieron la gozadera, con sabor a noviembre son\u00f3 \u00abEl buscapi\u00e9\u00bb<\/p>\n<p>Desde Puerto Rico, Andy Monta\u00f1ez lleg\u00f3 a cantarle a los cartageneros sus historias hechas salsa, con \u201cCasi te envidio\u201d y \u201cMe gusta\u201d, la plaza de la Aduana se convirti\u00f3 en una enorme pista de baile llena de romanticismo.<\/p>\n<p>El cierre estuvo a cargo de la champeta de Dj Dever, quien reuni\u00f3 a otros artistas del g\u00e9nero como Big Yamo, Lil Silvio, Criss y Ronny, y Bobby Sierra, como tributo a la m\u00fasica urbana cartagenera.<\/p>\n<p>Participa en los pr\u00f3ximos eventos gratuitos de la agenda festiva que el Instituto de Patrimonio y Cultura de Cartagena (IPCC) tiene preparado para ti.<\/p>\n","protected":false},"excerpt":{"rendered":"<p>En un espect\u00e1culo que llen\u00f3 de color y m\u00fasica la noche, la Alcald\u00eda de Cartagena a trav\u00e9s del Instituto de Patrimonio y Cultura de Cartagena &#8211; IPCC, hizo resonar el coraz\u00f3n de propios y visitantes gracias al Lanzamiento de las Fiestas de Independencia del 11 de Noviembre 2019 \u201cResuena Cartagena Volumen 2\u201d. En la emblem\u00e1tica Plaza de la Aduana, la ciudad Heroica volvi\u00f3 a sentir la pasi\u00f3n por sus tradiciones en un show que reuni\u00f3 a m\u00e1s de 200 artistas, unas fiestas para todos que este a\u00f1o rinden homenaje a&#8230; <\/p>\n","protected":false},"author":3,"featured_media":32173,"comment_status":"open","ping_status":"closed","sticky":false,"template":"","format":"standard","meta":{"footnotes":"","_links_to":"","_links_to_target":""},"categories":[75,41],"tags":[],"class_list":["post-32172","post","type-post","status-publish","format-standard","has-post-thumbnail","hentry","category-destacada","category-cultura"],"_links":{"self":[{"href":"https:\/\/revistazetta.com\/index.php?rest_route=\/wp\/v2\/posts\/32172","targetHints":{"allow":["GET"]}}],"collection":[{"href":"https:\/\/revistazetta.com\/index.php?rest_route=\/wp\/v2\/posts"}],"about":[{"href":"https:\/\/revistazetta.com\/index.php?rest_route=\/wp\/v2\/types\/post"}],"author":[{"embeddable":true,"href":"https:\/\/revistazetta.com\/index.php?rest_route=\/wp\/v2\/users\/3"}],"replies":[{"embeddable":true,"href":"https:\/\/revistazetta.com\/index.php?rest_route=%2Fwp%2Fv2%2Fcomments&post=32172"}],"version-history":[{"count":0,"href":"https:\/\/revistazetta.com\/index.php?rest_route=\/wp\/v2\/posts\/32172\/revisions"}],"wp:featuredmedia":[{"embeddable":true,"href":"https:\/\/revistazetta.com\/index.php?rest_route=\/wp\/v2\/media\/32173"}],"wp:attachment":[{"href":"https:\/\/revistazetta.com\/index.php?rest_route=%2Fwp%2Fv2%2Fmedia&parent=32172"}],"wp:term":[{"taxonomy":"category","embeddable":true,"href":"https:\/\/revistazetta.com\/index.php?rest_route=%2Fwp%2Fv2%2Fcategories&post=32172"},{"taxonomy":"post_tag","embeddable":true,"href":"https:\/\/revistazetta.com\/index.php?rest_route=%2Fwp%2Fv2%2Ftags&post=32172"}],"curies":[{"name":"wp","href":"https:\/\/api.w.org\/{rel}","templated":true}]}}