{"id":32226,"date":"2019-09-14T16:45:04","date_gmt":"2019-09-14T21:45:04","guid":{"rendered":"http:\/\/www.revistazetta.com\/?p=32226"},"modified":"2019-09-14T19:24:59","modified_gmt":"2019-09-15T00:24:59","slug":"este-domingo-primera-etapa-la-ruta-ciclistica-bolivar-3-1","status":"publish","type":"post","link":"https:\/\/revistazetta.com\/?p=32226","title":{"rendered":"Este domingo, primera etapa de la ruta cicl\u00edstica Soy Bol\u00edvar 3.1"},"content":{"rendered":"<blockquote><p><em><strong>Un recorrido de 100 kil\u00f3metros, con salida y llegada en Serena del Mar, teniendo como epicentro de la competencia a Galerazamba, rinc\u00f3n m\u00e1gico de Bol\u00edvar.\u00a0M\u00e1s de 400 ciclistas profesionales y aficionados, personalidades y deportistas de alto rendimiento tomar\u00e1n la partida a las 5:30 am del domingo.<\/strong><\/em><\/p><\/blockquote>\n<p>Comienza este domingo la Ruta Soy Bol\u00edvar 3.1, la cl\u00e1sica de ciclismo recreativo que recorrer\u00e1 los paisajes del departamento de Bol\u00edvar. Este 15 de septiembre, m\u00e1s de cuatrocientos pedalistas profesionales y aficionados, personalidades, y deportistas de alto rendimiento, dar\u00e1n la largada a este evento, organizado por la Gobernaci\u00f3n de Bol\u00edvar, en un recorrido de 100 km, ida y regreso, entre Serena del Mar y Galerazamba, la joya del norte del departamento.<\/p>\n<p>La ruta Soy Bol\u00edvar 3.1 es el evento en el que los amantes de las bielas y los pedales tendr\u00e1n la oportunidad de recorrer, en tres fines de semana consecutivos, parte de la bella geograf\u00eda bolivarense, conocer parajes y tambi\u00e9n evidenciar las obras ejecutadas en el \u00faltimo cuatrienio por parte de la gobernaci\u00f3n de Bol\u00edvar.<\/p>\n<p>Este domingo, desde las 5:30 de la ma\u00f1ana, se iniciar\u00e1 el recorrido de 100 km, con punto de partida y llegada en Serena del Mar, rodando a lo largo de la v\u00eda al mar, pasando por el volc\u00e1n del Totumo, y llegando a Galerazamba, rinc\u00f3n m\u00e1gico de Bol\u00edvar, que ser\u00e1 el epicentro de la competencia.<\/p>\n<p>*Galerazamba, el rinc\u00f3n m\u00e1gico de Bol\u00edvar*<\/p>\n<p><iframe loading=\"lazy\" src=\"https:\/\/www.youtube.com\/embed\/sMAJ4w4Yzsk\" width=\"560\" height=\"315\" frameborder=\"0\" allowfullscreen=\"allowfullscreen\"><\/iframe><\/p>\n<p>El sonido de las olas golpeando contra las costas arrulla a los casi dos mil habitantes de Galerazamba, corregimiento del municipio de Santa Catalina, un lugar tan m\u00e1gico como su historia. En su arena empezaron a desembarcar los espa\u00f1oles en 1509, cuando Diego de Nicuesa se rob\u00f3 a una ni\u00f1a ind\u00edgena que a\u00f1os despu\u00e9s ser\u00eda conocida como la India Catalina, cuya estatua se puede visitar en el pueblo.<\/p>\n<p>Y es que muchos a\u00f1os antes de que llegaran los espa\u00f1oles, Galerazamba era ya un gran asentamiento de la tribu Mokan\u00e1, cuyos vestigios permanecen hasta hoy, conservados en el Museo Etnoindustrial, donde tambi\u00e9n se recuerda la \u00e9poca de oro de las salinas, en las que el pueblo vivi\u00f3 una gran bonanza.<\/p>\n<p>Las salinas han sido el gran sustento de los habitantes de Galerazamba desde hace poco m\u00e1s de cien a\u00f1os. Su explotaci\u00f3n convirti\u00f3 al corregimiento en un lugar pr\u00f3spero, con edificaciones al estilo norteamericano, y hasta una casa de hu\u00e9spedes ilustres en la que, una vez m\u00e1s, se guarda su historia.<\/p>\n<p>Esa casa, que mira al mar Caribe desde una pendiente, fue la c\u00e1rcel del general Gustavo Rojas Pinilla cuando fue depuesto de la presidencia de la Rep\u00fablica en 1957, durante casi dos meses. \u201cEsa casa tiene car\u00e1cter de c\u00e1rcel presidencial por un decreto de la \u00e9poca, si un presidente se porta mal, tienen que traerlo para Galerazamba\u201d, dice Dagoberto Vanegas, l\u00edder del pueblo y estudioso de su historia.<\/p>\n<p>Historia que tambi\u00e9n habla del declive de la explotaci\u00f3n de la sal y la consecuente falta de oportunidades para los habitantes del pueblo, de un abandono estatal en los \u00faltimos a\u00f1os, y del olvido.<\/p>\n<p>Hoy, Galerazamba vuelve a brillar con el regreso del turismo y el mejoramiento de la calidad de vida de sus habitantes. Una nueva v\u00eda, construida por el gobierno del Bol\u00edvar S\u00ed Avanza, es un camino de ocho kil\u00f3metros que lleva las buenas nuevas al corregimiento. Su mar rosado le dio la vuelta al mundo, y con las inversiones y la promoci\u00f3n del gobierno departamental, miles de turistas llegan a este rinc\u00f3n m\u00e1gico a disfrutar de sus paisajes, de su riqueza hist\u00f3rica, y del viento que arrastra el mar como una caricia frente a las altas temperaturas.<\/p>\n<p>*Premios para los participantes*<\/p>\n<p>Fueron m\u00e1s de 400 personas las que aceptaron el llamado de la Ruta Soy Bol\u00edvar 3.1, y entre estos corredores inscritos, se sortear\u00e1n cuatro bicicletas profesionales de ruta y una bicicleta de Mountain Bike, adem\u00e1s de accesorios para ciclistas como zapatillas, cascos, y elementos de vestuario.<\/p>\n<p>Cada uno de los pedalistas inscritos recibir\u00e1 adem\u00e1s, al final, una medalla por haber completado el recorrido. La concentraci\u00f3n de ciclistas para esta primera etapa ser\u00e1 el domingo 15 en Serena del Mar a partir de las 4:40 de la ma\u00f1ana, para dar la largada a las 5:30 de la ma\u00f1ana.<\/p>\n<p>La ruta Soy Bol\u00edvar 3.1 tambi\u00e9n tendr\u00e1 recorridos el domingo 22 de septiembre, por los municipios de la L\u00ednea (San Estanislao, Villanueva, Arenal), y el domingo 29, bordeando el canal del Dique (Soplaviento, Mahates, Arroyohondo).<\/p>\n","protected":false},"excerpt":{"rendered":"<p>Un recorrido de 100 kil\u00f3metros, con salida y llegada en Serena del Mar, teniendo como epicentro de la competencia a Galerazamba, rinc\u00f3n m\u00e1gico de Bol\u00edvar.\u00a0M\u00e1s de 400 ciclistas profesionales y aficionados, personalidades y deportistas de alto rendimiento tomar\u00e1n la partida a las 5:30 am del domingo. Comienza este domingo la Ruta Soy Bol\u00edvar 3.1, la cl\u00e1sica de ciclismo recreativo que recorrer\u00e1 los paisajes del departamento de Bol\u00edvar. Este 15 de septiembre, m\u00e1s de cuatrocientos pedalistas profesionales y aficionados, personalidades, y deportistas de alto rendimiento, dar\u00e1n la largada a este evento,&#8230; <\/p>\n","protected":false},"author":3,"featured_media":32236,"comment_status":"open","ping_status":"closed","sticky":false,"template":"","format":"standard","meta":{"footnotes":"","_links_to":"","_links_to_target":""},"categories":[53,75],"tags":[],"class_list":["post-32226","post","type-post","status-publish","format-standard","has-post-thumbnail","hentry","category-deportes","category-destacada"],"_links":{"self":[{"href":"https:\/\/revistazetta.com\/index.php?rest_route=\/wp\/v2\/posts\/32226","targetHints":{"allow":["GET"]}}],"collection":[{"href":"https:\/\/revistazetta.com\/index.php?rest_route=\/wp\/v2\/posts"}],"about":[{"href":"https:\/\/revistazetta.com\/index.php?rest_route=\/wp\/v2\/types\/post"}],"author":[{"embeddable":true,"href":"https:\/\/revistazetta.com\/index.php?rest_route=\/wp\/v2\/users\/3"}],"replies":[{"embeddable":true,"href":"https:\/\/revistazetta.com\/index.php?rest_route=%2Fwp%2Fv2%2Fcomments&post=32226"}],"version-history":[{"count":0,"href":"https:\/\/revistazetta.com\/index.php?rest_route=\/wp\/v2\/posts\/32226\/revisions"}],"wp:featuredmedia":[{"embeddable":true,"href":"https:\/\/revistazetta.com\/index.php?rest_route=\/wp\/v2\/media\/32236"}],"wp:attachment":[{"href":"https:\/\/revistazetta.com\/index.php?rest_route=%2Fwp%2Fv2%2Fmedia&parent=32226"}],"wp:term":[{"taxonomy":"category","embeddable":true,"href":"https:\/\/revistazetta.com\/index.php?rest_route=%2Fwp%2Fv2%2Fcategories&post=32226"},{"taxonomy":"post_tag","embeddable":true,"href":"https:\/\/revistazetta.com\/index.php?rest_route=%2Fwp%2Fv2%2Ftags&post=32226"}],"curies":[{"name":"wp","href":"https:\/\/api.w.org\/{rel}","templated":true}]}}