{"id":32254,"date":"2019-09-15T12:04:37","date_gmt":"2019-09-15T17:04:37","guid":{"rendered":"http:\/\/www.revistazetta.com\/?p=32254"},"modified":"2019-09-15T12:04:37","modified_gmt":"2019-09-15T17:04:37","slug":"concejal-marin-comunica-vicepresidenta-situacion-del-pae","status":"publish","type":"post","link":"https:\/\/revistazetta.com\/?p=32254","title":{"rendered":"Concejal Mar\u00edn comunica a Vicepresidenta situaci\u00f3n del PAE"},"content":{"rendered":"<p>Aunque la acci\u00f3n de tutela que impetr\u00f3 sobre el PAE no prosper\u00f3, el concejal \u00d3scar Mar\u00edn mantiene la voz en alto para que la situaci\u00f3n de ese programa llegue a los niveles \u00f3ptimos que el estudiantado merece.<\/p>\n<p>Mar\u00edn volvi\u00f3 a poner el tema sobre el tapete ante la propia Vicepresidenta de la Rep\u00fablica, Marta Luc\u00eda Ram\u00edrez, quien visit\u00f3 la sede del Concejo para hablar de otro tema, el proyecto del Canal del Dique.<\/p>\n<p>\u00abPonemos en conocimiento las irregularidades que hemos detectado con el Programa de Alimentaci\u00f3n Escolar en las diferentes Instituciones Educativas, y los informes que les estamos enviando semanal al se\u00f1or Alcalde, la Vicepresidenta manifest\u00f3 apoyarnos en ese seguimiento e incluso con el apoyo de la Procuradur\u00eda en este tema\u00bb, asegur\u00f3 el concejal.<\/p>\n<p>El cabildante le viene haciendo seguimiento a una serie de inconsistencias que, seg\u00fan \u00e9l, se han registrado en el Plan de Alimentaci\u00f3n Escolar. Mar\u00edn se\u00f1ala la falta de ex\u00e1menes m\u00e9dicos a las manipuladoras de alimentos, y la entrega de industrializados azucarados. Adem\u00e1s, el concejal entrega de manera semanal un informe al alcalde Pedrito Pereira Caballero sobre las visita que realiza en los colegios distritales.<\/p>\n<p>&nbsp;<\/p>\n","protected":false},"excerpt":{"rendered":"<p>Aunque la acci\u00f3n de tutela que impetr\u00f3 sobre el PAE no prosper\u00f3, el concejal \u00d3scar Mar\u00edn mantiene la voz en alto para que la situaci\u00f3n de ese programa llegue a los niveles \u00f3ptimos que el estudiantado merece. Mar\u00edn volvi\u00f3 a poner el tema sobre el tapete ante la propia Vicepresidenta de la Rep\u00fablica, Marta Luc\u00eda Ram\u00edrez, quien visit\u00f3 la sede del Concejo para hablar de otro tema, el proyecto del Canal del Dique. \u00abPonemos en conocimiento las irregularidades que hemos detectado con el Programa de Alimentaci\u00f3n Escolar en las diferentes&#8230; <\/p>\n","protected":false},"author":3,"featured_media":32257,"comment_status":"open","ping_status":"closed","sticky":false,"template":"","format":"standard","meta":{"footnotes":"","_links_to":"","_links_to_target":""},"categories":[75,4],"tags":[],"class_list":["post-32254","post","type-post","status-publish","format-standard","has-post-thumbnail","hentry","category-destacada","category-politica"],"_links":{"self":[{"href":"https:\/\/revistazetta.com\/index.php?rest_route=\/wp\/v2\/posts\/32254","targetHints":{"allow":["GET"]}}],"collection":[{"href":"https:\/\/revistazetta.com\/index.php?rest_route=\/wp\/v2\/posts"}],"about":[{"href":"https:\/\/revistazetta.com\/index.php?rest_route=\/wp\/v2\/types\/post"}],"author":[{"embeddable":true,"href":"https:\/\/revistazetta.com\/index.php?rest_route=\/wp\/v2\/users\/3"}],"replies":[{"embeddable":true,"href":"https:\/\/revistazetta.com\/index.php?rest_route=%2Fwp%2Fv2%2Fcomments&post=32254"}],"version-history":[{"count":0,"href":"https:\/\/revistazetta.com\/index.php?rest_route=\/wp\/v2\/posts\/32254\/revisions"}],"wp:featuredmedia":[{"embeddable":true,"href":"https:\/\/revistazetta.com\/index.php?rest_route=\/wp\/v2\/media\/32257"}],"wp:attachment":[{"href":"https:\/\/revistazetta.com\/index.php?rest_route=%2Fwp%2Fv2%2Fmedia&parent=32254"}],"wp:term":[{"taxonomy":"category","embeddable":true,"href":"https:\/\/revistazetta.com\/index.php?rest_route=%2Fwp%2Fv2%2Fcategories&post=32254"},{"taxonomy":"post_tag","embeddable":true,"href":"https:\/\/revistazetta.com\/index.php?rest_route=%2Fwp%2Fv2%2Ftags&post=32254"}],"curies":[{"name":"wp","href":"https:\/\/api.w.org\/{rel}","templated":true}]}}