{"id":32258,"date":"2019-09-15T12:31:26","date_gmt":"2019-09-15T17:31:26","guid":{"rendered":"http:\/\/www.revistazetta.com\/?p=32258"},"modified":"2019-09-15T12:33:19","modified_gmt":"2019-09-15T17:33:19","slug":"gobernador-ministro-del-deporte-pedalean-los-juegos","status":"publish","type":"post","link":"https:\/\/revistazetta.com\/?p=32258","title":{"rendered":"Gobernador y Ministro del Deporte pedalean por los Juegos"},"content":{"rendered":"<p>Los Juegos Deportivos Nacionales Cartagena-Bol\u00edvar 2019 han requerido el trabajo coordinado de la Naci\u00f3n, el Departamento y el Distrito, con la apuesta de hacer unas justas antol\u00f3gicas y transparentes.<\/p>\n<p>El Ministro del Deporte, Ernesto Lucena, ha dado palmarios mensajes de trabajo en equipo, y pr\u00e1cticamente ha trasladado su Despacho a Cartagena para afinar labores con el gobernador de Bol\u00edvar, Dumek Turbay; el alcalde de Cartagena, Pedrito Pereira, y la Directora de los Juegos, Cecilia Baena.<\/p>\n<p>Con frecuencia se le ve haciendo recorridos por los escenarios, o encabezando comit\u00e9s, o dialogando con funcionarios de todo orden y contratistas, a fin de tener todo listo el 16 de noviembre, cuando se encienda el pebetero de los Juegos Deportivos Nacionales.<\/p>\n<p>Este domingo se le vio pedaleando de nuevo junto con el gobernador Turbay Paz, y ya son varios los encuentros de entrenamiento en \u00abcaballitos de acero\u00bb entre los dos funcionarios.<\/p>\n<p>Lucena y Turbay hicieron parte del lote de 500 ciclistas que recorrieron este domingo la primera etapa de la Ruta Cicl\u00edstica Soy Bol\u00edvar 3.1, un emocionante triunfo del esp\u00edritu deportivo.<\/p>\n<p>Ese pedaleo conjunto es tambi\u00e9n una muestra del nivel de cordialidad y confianza entre las instituciones que representan, que comparten la responsabilidad de sacar adelante los Juegos.<\/p>\n","protected":false},"excerpt":{"rendered":"<p>Los Juegos Deportivos Nacionales Cartagena-Bol\u00edvar 2019 han requerido el trabajo coordinado de la Naci\u00f3n, el Departamento y el Distrito, con la apuesta de hacer unas justas antol\u00f3gicas y transparentes. El Ministro del Deporte, Ernesto Lucena, ha dado palmarios mensajes de trabajo en equipo, y pr\u00e1cticamente ha trasladado su Despacho a Cartagena para afinar labores con el gobernador de Bol\u00edvar, Dumek Turbay; el alcalde de Cartagena, Pedrito Pereira, y la Directora de los Juegos, Cecilia Baena. Con frecuencia se le ve haciendo recorridos por los escenarios, o encabezando comit\u00e9s, o dialogando&#8230; <\/p>\n","protected":false},"author":3,"featured_media":32259,"comment_status":"open","ping_status":"closed","sticky":false,"template":"","format":"standard","meta":{"footnotes":"","_links_to":"","_links_to_target":""},"categories":[75],"tags":[],"class_list":["post-32258","post","type-post","status-publish","format-standard","has-post-thumbnail","hentry","category-destacada"],"_links":{"self":[{"href":"https:\/\/revistazetta.com\/index.php?rest_route=\/wp\/v2\/posts\/32258","targetHints":{"allow":["GET"]}}],"collection":[{"href":"https:\/\/revistazetta.com\/index.php?rest_route=\/wp\/v2\/posts"}],"about":[{"href":"https:\/\/revistazetta.com\/index.php?rest_route=\/wp\/v2\/types\/post"}],"author":[{"embeddable":true,"href":"https:\/\/revistazetta.com\/index.php?rest_route=\/wp\/v2\/users\/3"}],"replies":[{"embeddable":true,"href":"https:\/\/revistazetta.com\/index.php?rest_route=%2Fwp%2Fv2%2Fcomments&post=32258"}],"version-history":[{"count":0,"href":"https:\/\/revistazetta.com\/index.php?rest_route=\/wp\/v2\/posts\/32258\/revisions"}],"wp:featuredmedia":[{"embeddable":true,"href":"https:\/\/revistazetta.com\/index.php?rest_route=\/wp\/v2\/media\/32259"}],"wp:attachment":[{"href":"https:\/\/revistazetta.com\/index.php?rest_route=%2Fwp%2Fv2%2Fmedia&parent=32258"}],"wp:term":[{"taxonomy":"category","embeddable":true,"href":"https:\/\/revistazetta.com\/index.php?rest_route=%2Fwp%2Fv2%2Fcategories&post=32258"},{"taxonomy":"post_tag","embeddable":true,"href":"https:\/\/revistazetta.com\/index.php?rest_route=%2Fwp%2Fv2%2Ftags&post=32258"}],"curies":[{"name":"wp","href":"https:\/\/api.w.org\/{rel}","templated":true}]}}