{"id":32295,"date":"2019-09-17T18:31:06","date_gmt":"2019-09-17T23:31:06","guid":{"rendered":"http:\/\/www.revistazetta.com\/?p=32295"},"modified":"2019-09-17T19:19:31","modified_gmt":"2019-09-18T00:19:31","slug":"distrito-camara-comercio-lanzaron-censo-empresarial-2019","status":"publish","type":"post","link":"https:\/\/revistazetta.com\/?p=32295","title":{"rendered":"Distrito y C\u00e1mara de Comercio lanzaron Censo Empresarial 2019"},"content":{"rendered":"<p>La Alcald\u00eda y la C\u00e1mara de Comercio de Cartagena lanzaron el Censo Empresarial de Cartagena 2019, con el eslogan \u201cEs el momento de hacerte visible\u201d.<br \/>\nEl Censo busca conocer cu\u00e1les son las caracter\u00edsticas econ\u00f3micas, sociales y de formalidad de los establecimientos comerciales e industriales, as\u00ed como obtener las herramientas para empezar a planificar, de manera mucho m\u00e1s precisa todo el proceso de desarrollo que debe tener la ciudad en el futuro.<br \/>\n<img loading=\"lazy\" decoding=\"async\" class=\"size-medium wp-image-32312 alignright\" src=\"https:\/\/www.revistazetta.com\/wp-content\/uploads\/2019\/09\/Censo-emp-2-300x188.jpg\" alt=\"\" width=\"300\" height=\"188\" \/>Pese de contar con organizaciones empresariales s\u00f3lidas, que contribuyen al desarrollo econ\u00f3mico y social de la ciudad, desde 2010 no se realiza un censo que permita conocer en detalles el nivel de formalizaci\u00f3n empresarial, el tama\u00f1o de las organizaciones establecidas en estos \u00faltimos a\u00f1os en los diferentes sectores de la ciudad, las caracter\u00edsticas y condiciones contractuales que desarrollan; el capital humano con que cuentan; sus din\u00e1micas de mercado, entre otros aspectos.<br \/>\n\u201cEn esta fase de interinidad en la Administraci\u00f3n Distrital, en la que hemos recuperado la gobernabilidad, la estabilidad institucional y la recuperaci\u00f3n de la confianza ciudadana, logramos una alianza estrat\u00e9gica con la C\u00e1mara de Comercio de Cartagena, para realizar el Censo Empresarial 2019, que hoy presentamos oficialmente. Ser\u00e1 un ejercicio que nos permitir\u00e1 identificar las caracter\u00edsticas organizacionales, jur\u00eddicas y de mercado del comercio de la ciudad y tener debidamente mapeados a todos los establecimientos. Ser\u00e1, por decirlo de alguna manera, la posibilidad de contar con una radiograf\u00eda de Cartagena en materia de formalidad e informalidad empresarial\u201d, precis\u00f3 el alcalde, Pedrito Pereira Caballero.<br \/>\nLa C\u00e1mara de Comercio aporta la experiencia, profesionalismo, capacidades t\u00e9cnicas y el 30 por ciento de la inversi\u00f3n a realizar y la experticia de su Centro de Estudios para el Desarrollo y la Competitividad (CEDEC), que tiene como objetivo misional producir conocimiento sobre la realidad econ\u00f3mica local y regional.<br \/>\nEl Censo se realizar\u00e1 durante los pr\u00f3ximos tres meses en la cabecera municipal de Cartagena, corredores econ\u00f3micos, Mamonal, v\u00eda a Turbaco, v\u00eda al Mar hacia Barranquilla y algunas zonas del \u00e1rea rural insular de Cartagena, que son de inter\u00e9s por su desarrollo empresarial.<br \/>\nEn cumplimiento del convenio firmado, la C\u00e1mara de Comercio desarrollar\u00e1 el proceso de recolecci\u00f3n de la informaci\u00f3n censal a trav\u00e9s de dos m\u00e9todos aplicados de manera concurrente: censo virtual y censo presencial. El primero garantiza la posibilidad de optimizar los tiempos y recursos del operativo de campo, y el segundo aumenta su efectividad por la utilizaci\u00f3n de dispositivos digitales para la realizaci\u00f3n del trabajo por parte de los encuestadores.<br \/>\nAntes del 31 de diciembre del presente a\u00f1o, entre los productos entregables, la C\u00e1mara de Comercio pondr\u00e1 a disposici\u00f3n del Distrito un informe parcial de avances y un informe final t\u00e9cnico que permitir\u00e1 contar con una base de datos completa de establecimientos formales e informales registrados y no registrados en industria y comercio, que le permitir\u00e1 depurar y ampliar sus registros, optimizar las proyecciones de ingresos tributarios por este regl\u00f3n, lo que representar\u00e1 un soporte log\u00edstico y financiero para las pr\u00f3ximas administraciones.<br \/>\n\u201cDespu\u00e9s de las turbulencias que han afectado a Cartagena, nuestro horizonte de desarrollo luce mucho m\u00e1s despejado, y hay un ambiente de confianza reestablecida que resulta propicio para que todos sigamos trabajando unidos por nuestra ciudad. Y para estar unidos hay que primero que dejarse ver y sentir; por ello reitero el llamado a todos los comerciantes y empresarios de la ciudad, que a\u00fan no lo son, a que aprovechen esta oportunidad que ofrece el Censo Empresarial 2019, para hacerse visibles, porque, para el crecimiento de Cartagena y el bienestar de sus habitantes, cada negocio cuenta\u201d, precis\u00f3 el Alcalde.<\/p>\n<p><iframe loading=\"lazy\" src=\"https:\/\/www.youtube.com\/embed\/6g77v8yvSJ0\" width=\"560\" height=\"315\" frameborder=\"0\" allowfullscreen=\"allowfullscreen\"><\/iframe><\/p>\n","protected":false},"excerpt":{"rendered":"<p>La Alcald\u00eda y la C\u00e1mara de Comercio de Cartagena lanzaron el Censo Empresarial de Cartagena 2019, con el eslogan \u201cEs el momento de hacerte visible\u201d. El Censo busca conocer cu\u00e1les son las caracter\u00edsticas econ\u00f3micas, sociales y de formalidad de los establecimientos comerciales e industriales, as\u00ed como obtener las herramientas para empezar a planificar, de manera mucho m\u00e1s precisa todo el proceso de desarrollo que debe tener la ciudad en el futuro. Pese de contar con organizaciones empresariales s\u00f3lidas, que contribuyen al desarrollo econ\u00f3mico y social de la ciudad, desde 2010&#8230; <\/p>\n","protected":false},"author":3,"featured_media":32296,"comment_status":"open","ping_status":"closed","sticky":false,"template":"","format":"standard","meta":{"footnotes":"","_links_to":"","_links_to_target":""},"categories":[75,3,50],"tags":[],"class_list":["post-32295","post","type-post","status-publish","format-standard","has-post-thumbnail","hentry","category-destacada","category-ciudad","category-empresa"],"_links":{"self":[{"href":"https:\/\/revistazetta.com\/index.php?rest_route=\/wp\/v2\/posts\/32295","targetHints":{"allow":["GET"]}}],"collection":[{"href":"https:\/\/revistazetta.com\/index.php?rest_route=\/wp\/v2\/posts"}],"about":[{"href":"https:\/\/revistazetta.com\/index.php?rest_route=\/wp\/v2\/types\/post"}],"author":[{"embeddable":true,"href":"https:\/\/revistazetta.com\/index.php?rest_route=\/wp\/v2\/users\/3"}],"replies":[{"embeddable":true,"href":"https:\/\/revistazetta.com\/index.php?rest_route=%2Fwp%2Fv2%2Fcomments&post=32295"}],"version-history":[{"count":0,"href":"https:\/\/revistazetta.com\/index.php?rest_route=\/wp\/v2\/posts\/32295\/revisions"}],"wp:featuredmedia":[{"embeddable":true,"href":"https:\/\/revistazetta.com\/index.php?rest_route=\/wp\/v2\/media\/32296"}],"wp:attachment":[{"href":"https:\/\/revistazetta.com\/index.php?rest_route=%2Fwp%2Fv2%2Fmedia&parent=32295"}],"wp:term":[{"taxonomy":"category","embeddable":true,"href":"https:\/\/revistazetta.com\/index.php?rest_route=%2Fwp%2Fv2%2Fcategories&post=32295"},{"taxonomy":"post_tag","embeddable":true,"href":"https:\/\/revistazetta.com\/index.php?rest_route=%2Fwp%2Fv2%2Ftags&post=32295"}],"curies":[{"name":"wp","href":"https:\/\/api.w.org\/{rel}","templated":true}]}}