{"id":32297,"date":"2019-09-17T18:46:49","date_gmt":"2019-09-17T23:46:49","guid":{"rendered":"http:\/\/www.revistazetta.com\/?p=32297"},"modified":"2019-09-17T18:46:49","modified_gmt":"2019-09-17T23:46:49","slug":"galeria-alianza-ever-rico-asamblea-boris-anaya-al-concejo","status":"publish","type":"post","link":"https:\/\/revistazetta.com\/?p=32297","title":{"rendered":"Galer\u00eda: alianza Ever Rico a Asamblea y Boris Anaya al Concejo"},"content":{"rendered":"<p>El candidato a la Asamblea de Bol\u00edvar, Ever Rico, consolid\u00f3 una nueva alianza esta vez con el candidato al Concejo de Cartagena Boris Anaya Lorduy, cuyo grupo pol\u00edtico integra a su hermano Alfonso Anaya Lorduy, excongresista y ex concejal.<\/p>\n<p>La alianza se sell\u00f3 en un sal\u00f3n de eventos del barrio Blas de Lezo, y all\u00ed invocaron los principios del partido Liberal para exhortar al electorado a votar por alternativas progresistas y con sello social.<\/p>\n<p><img loading=\"lazy\" decoding=\"async\" class=\"alignnone size-medium wp-image-32298\" src=\"https:\/\/www.revistazetta.com\/wp-content\/uploads\/2019\/09\/Alfonso-Anaya-Lorduy-300x240.jpg\" alt=\"\" width=\"300\" height=\"240\" \/> <img loading=\"lazy\" decoding=\"async\" class=\"alignnone size-medium wp-image-32299\" src=\"https:\/\/www.revistazetta.com\/wp-content\/uploads\/2019\/09\/Anselmo-g\u00f3mez-300x240.jpg\" alt=\"\" width=\"300\" height=\"240\" \/> <img loading=\"lazy\" decoding=\"async\" class=\"alignnone size-medium wp-image-32300\" src=\"https:\/\/www.revistazetta.com\/wp-content\/uploads\/2019\/09\/Boris-Anaya-Lorduy-300x188.jpg\" alt=\"\" width=\"300\" height=\"188\" \/> <img loading=\"lazy\" decoding=\"async\" class=\"alignnone size-medium wp-image-32301\" src=\"https:\/\/www.revistazetta.com\/wp-content\/uploads\/2019\/09\/Boris-Ever-1-300x188.jpg\" alt=\"\" width=\"300\" height=\"188\" \/> <img loading=\"lazy\" decoding=\"async\" class=\"alignnone size-medium wp-image-32302\" src=\"https:\/\/www.revistazetta.com\/wp-content\/uploads\/2019\/09\/Boris-Ever-2-300x188.jpg\" alt=\"\" width=\"300\" height=\"188\" \/> <img loading=\"lazy\" decoding=\"async\" class=\"alignnone size-medium wp-image-32303\" src=\"https:\/\/www.revistazetta.com\/wp-content\/uploads\/2019\/09\/Boris-Ever-3-300x188.jpg\" alt=\"\" width=\"300\" height=\"188\" \/> <img loading=\"lazy\" decoding=\"async\" class=\"alignnone size-medium wp-image-32304\" src=\"https:\/\/www.revistazetta.com\/wp-content\/uploads\/2019\/09\/Boris-Ever-4-300x188.jpg\" alt=\"\" width=\"300\" height=\"188\" \/> <img loading=\"lazy\" decoding=\"async\" class=\"alignnone size-medium wp-image-32305\" src=\"https:\/\/www.revistazetta.com\/wp-content\/uploads\/2019\/09\/Boris-Ever-5-300x200.jpg\" alt=\"\" width=\"300\" height=\"200\" \/> <img loading=\"lazy\" decoding=\"async\" class=\"alignnone size-medium wp-image-32306\" src=\"https:\/\/www.revistazetta.com\/wp-content\/uploads\/2019\/09\/Elisa-Bustillo-240x300.jpg\" alt=\"\" width=\"240\" height=\"300\" \/> <img loading=\"lazy\" decoding=\"async\" class=\"alignnone size-medium wp-image-32307\" src=\"https:\/\/www.revistazetta.com\/wp-content\/uploads\/2019\/09\/Ever-Rico-anaya-2-240x300.jpg\" alt=\"\" width=\"240\" height=\"300\" \/> <img loading=\"lazy\" decoding=\"async\" class=\"alignnone size-medium wp-image-32308\" src=\"https:\/\/www.revistazetta.com\/wp-content\/uploads\/2019\/09\/Ever-Rico-anaya-300x188.jpg\" alt=\"\" width=\"300\" height=\"188\" \/><\/p>\n","protected":false},"excerpt":{"rendered":"<p>El candidato a la Asamblea de Bol\u00edvar, Ever Rico, consolid\u00f3 una nueva alianza esta vez con el candidato al Concejo de Cartagena Boris Anaya Lorduy, cuyo grupo pol\u00edtico integra a su hermano Alfonso Anaya Lorduy, excongresista y ex concejal. La alianza se sell\u00f3 en un sal\u00f3n de eventos del barrio Blas de Lezo, y all\u00ed invocaron los principios del partido Liberal para exhortar al electorado a votar por alternativas progresistas y con sello social.<\/p>\n","protected":false},"author":3,"featured_media":32309,"comment_status":"open","ping_status":"closed","sticky":false,"template":"","format":"standard","meta":{"footnotes":"","_links_to":"","_links_to_target":""},"categories":[75,92],"tags":[],"class_list":["post-32297","post","type-post","status-publish","format-standard","has-post-thumbnail","hentry","category-destacada","category-galeria"],"_links":{"self":[{"href":"https:\/\/revistazetta.com\/index.php?rest_route=\/wp\/v2\/posts\/32297","targetHints":{"allow":["GET"]}}],"collection":[{"href":"https:\/\/revistazetta.com\/index.php?rest_route=\/wp\/v2\/posts"}],"about":[{"href":"https:\/\/revistazetta.com\/index.php?rest_route=\/wp\/v2\/types\/post"}],"author":[{"embeddable":true,"href":"https:\/\/revistazetta.com\/index.php?rest_route=\/wp\/v2\/users\/3"}],"replies":[{"embeddable":true,"href":"https:\/\/revistazetta.com\/index.php?rest_route=%2Fwp%2Fv2%2Fcomments&post=32297"}],"version-history":[{"count":0,"href":"https:\/\/revistazetta.com\/index.php?rest_route=\/wp\/v2\/posts\/32297\/revisions"}],"wp:featuredmedia":[{"embeddable":true,"href":"https:\/\/revistazetta.com\/index.php?rest_route=\/wp\/v2\/media\/32309"}],"wp:attachment":[{"href":"https:\/\/revistazetta.com\/index.php?rest_route=%2Fwp%2Fv2%2Fmedia&parent=32297"}],"wp:term":[{"taxonomy":"category","embeddable":true,"href":"https:\/\/revistazetta.com\/index.php?rest_route=%2Fwp%2Fv2%2Fcategories&post=32297"},{"taxonomy":"post_tag","embeddable":true,"href":"https:\/\/revistazetta.com\/index.php?rest_route=%2Fwp%2Fv2%2Ftags&post=32297"}],"curies":[{"name":"wp","href":"https:\/\/api.w.org\/{rel}","templated":true}]}}