{"id":32314,"date":"2019-09-18T06:27:21","date_gmt":"2019-09-18T11:27:21","guid":{"rendered":"http:\/\/www.revistazetta.com\/?p=32314"},"modified":"2019-09-18T06:27:21","modified_gmt":"2019-09-18T11:27:21","slug":"yolanda-esta-imparable-barrios","status":"publish","type":"post","link":"https:\/\/revistazetta.com\/?p=32314","title":{"rendered":"\u00a1Yolanda est\u00e1 imparable en barrios!"},"content":{"rendered":"<p>#LaFuerzaDeCartagena sigue sumado ciudadanos que est\u00e1n convencidos de la capacidad de trabajo y liderazgo que tiene Yolanda Wong Baldiris para asumir el primer cargo administrativo de la ciudad.<\/p>\n<p>Desde la noche del lunes, Wong Baldiris lleg\u00f3 al barrio Las Gaviotas, donde a los vecinos les preocupa la inseguridad que ha cobrado vidas y los mantiene temerosos, claman a las autoridades reforzar el sistema de c\u00e1maras de seguridad e instalar el sistema de alarmas comunitarias.<\/p>\n<p>As\u00edmismo, insistieron en la recuperaci\u00f3n total del centro recreacional El Ed\u00e9n, proyecto que se ha planteado y estudiado en varias oportunidades por la administraci\u00f3n distrital pero que hasta el d\u00eda de hoy, no se ha hecho realidad.<\/p>\n<p>\u201cEn mi llegada a la Aduana, revisaremos minuciosamente ese proyecto porque ya est\u00e1 inscrito en regal\u00edas. S\u00e9 lo que significa este lugar para los habitantes de Las Gaviotas y es un tema del que ya no se puede hablar m\u00e1s sino hacerlo realidad y eso haremos\u201d, dijo la candidata.<\/p>\n<p><strong>La Fuerza de Cartagena se activ\u00f3 en Ceballos<\/strong><\/p>\n<p>Wong Baldiris tambi\u00e9n lleg\u00f3 a esta popular comunidad a socializar las propuestas que tiene para esta localidad. \u201cLe he demostrado a los cartageneros que soy una mujer con capacidad de trabajo y con conocimientos. Vamos a trabajar con acciones concretas. No estamos ofreciendo mentiras y no nos vamos a desgastar contestando ataques\u201d, afirm\u00f3 enf\u00e1ticamente en un masivo \u201cAct\u00edvate con Yolanda Wong\u201d, donde dialog\u00f3 con los moradores sobre inseguridad y oportunidades para los j\u00f3venes.<\/p>\n<p>Al finalizar la noche, la candidata avalada por el Partido de la U, arrib\u00f3 hasta el barrio Olaya Herrera donde permanecer\u00e1 para madrugar a una alborada con los vecinos. Durante la ma\u00f1ana y la tarde de este mi\u00e9rcoles cumplir\u00e1 con varias reuniones comunitarias.<\/p>\n<p>\u201cEstoy trabajando 18 horas diarias en las comunidades porque estoy convencida que ah\u00ed es donde est\u00e1 #LaFuerzaDeCartagena, mi mejor carta de presentaci\u00f3n es que soy una mujer 24\/7, comprometida con lo que me propongo\u201d, anot\u00f3.<\/p>\n<p>&nbsp;<\/p>\n","protected":false},"excerpt":{"rendered":"<p>#LaFuerzaDeCartagena sigue sumado ciudadanos que est\u00e1n convencidos de la capacidad de trabajo y liderazgo que tiene Yolanda Wong Baldiris para asumir el primer cargo administrativo de la ciudad. Desde la noche del lunes, Wong Baldiris lleg\u00f3 al barrio Las Gaviotas, donde a los vecinos les preocupa la inseguridad que ha cobrado vidas y los mantiene temerosos, claman a las autoridades reforzar el sistema de c\u00e1maras de seguridad e instalar el sistema de alarmas comunitarias. As\u00edmismo, insistieron en la recuperaci\u00f3n total del centro recreacional El Ed\u00e9n, proyecto que se ha planteado&#8230; <\/p>\n","protected":false},"author":3,"featured_media":32315,"comment_status":"open","ping_status":"closed","sticky":false,"template":"","format":"standard","meta":{"footnotes":"","_links_to":"","_links_to_target":""},"categories":[4,75],"tags":[],"class_list":["post-32314","post","type-post","status-publish","format-standard","has-post-thumbnail","hentry","category-politica","category-destacada"],"_links":{"self":[{"href":"https:\/\/revistazetta.com\/index.php?rest_route=\/wp\/v2\/posts\/32314","targetHints":{"allow":["GET"]}}],"collection":[{"href":"https:\/\/revistazetta.com\/index.php?rest_route=\/wp\/v2\/posts"}],"about":[{"href":"https:\/\/revistazetta.com\/index.php?rest_route=\/wp\/v2\/types\/post"}],"author":[{"embeddable":true,"href":"https:\/\/revistazetta.com\/index.php?rest_route=\/wp\/v2\/users\/3"}],"replies":[{"embeddable":true,"href":"https:\/\/revistazetta.com\/index.php?rest_route=%2Fwp%2Fv2%2Fcomments&post=32314"}],"version-history":[{"count":0,"href":"https:\/\/revistazetta.com\/index.php?rest_route=\/wp\/v2\/posts\/32314\/revisions"}],"wp:featuredmedia":[{"embeddable":true,"href":"https:\/\/revistazetta.com\/index.php?rest_route=\/wp\/v2\/media\/32315"}],"wp:attachment":[{"href":"https:\/\/revistazetta.com\/index.php?rest_route=%2Fwp%2Fv2%2Fmedia&parent=32314"}],"wp:term":[{"taxonomy":"category","embeddable":true,"href":"https:\/\/revistazetta.com\/index.php?rest_route=%2Fwp%2Fv2%2Fcategories&post=32314"},{"taxonomy":"post_tag","embeddable":true,"href":"https:\/\/revistazetta.com\/index.php?rest_route=%2Fwp%2Fv2%2Ftags&post=32314"}],"curies":[{"name":"wp","href":"https:\/\/api.w.org\/{rel}","templated":true}]}}