{"id":32316,"date":"2019-09-18T07:14:45","date_gmt":"2019-09-18T12:14:45","guid":{"rendered":"http:\/\/www.revistazetta.com\/?p=32316"},"modified":"2019-09-18T07:14:45","modified_gmt":"2019-09-18T12:14:45","slug":"orbita-politica-john-zamora-miercoles-18-septiembre-2019","status":"publish","type":"post","link":"https:\/\/revistazetta.com\/?p=32316","title":{"rendered":"\u00d3rbita Pol\u00edtica de John Zamora &#8211; Mi\u00e9rcoles 18 de septiembre 2019"},"content":{"rendered":"<p><strong>\u2026 y vendr\u00e1n cosas peores<\/strong><\/p>\n<p>Mar\u00eda Claudia P\u00e1ez comprob\u00f3 que fue indelicada funcionaria en la C\u00e1mara de Comercio y ahora se perfila como eximia mala perdedora. Entre su columna en El Universal, donde la han defendido a capa y espada, y las comentadas declaraciones que entreg\u00f3 a El Tiempo, est\u00e1 clar\u00edsima su inagotable capacidad para revolver verdades con mentiras, pero lo que m\u00e1s inquieta es su faceta revanchista, pues se sabe de sus movimientos para desquitarse de sus excompa\u00f1eros de Junta Directiva, los que decidieron sacarla por la puerta de atr\u00e1s\u2026 y del Contralor General de la Rep\u00fablica por la osad\u00eda de cuestionar su gesti\u00f3n con sonados hallazgos\u2026<\/p>\n<p>&nbsp;<\/p>\n<p><strong>Wong y su fuerza<\/strong><\/p>\n<p>Nadie puede negar que el lema de campa\u00f1a corresponde a su personalidad: Yolanda Wong tiene fuerza\u2026 fuerza popular pero tambi\u00e9n mucha fuerza en su personalidad, pues en nada se ha dejado amilanar frente a la tormenta generada por la pretensi\u00f3n de anular su inscripci\u00f3n como candidato a la Alcald\u00eda: \u00a1Yolanda va pa\u2019lante! En su campa\u00f1a tienen la convicci\u00f3n en la certeza que no est\u00e1 inhabilitada, pero saben que esa denuncia le ha hecho sombra a su aspiraci\u00f3n, m\u00e1xime cuando asocian la circunstancia a la de Quinto Guerra. \u00a1La ver\u00e1n en los barrios metida de lleno, cada d\u00eda m\u00e1s intensa\u201d, dijo uno de sus allegados.<\/p>\n<p>&nbsp;<\/p>\n<p><strong>Concejal de sensibilidad<\/strong><\/p>\n<p>Muchos a\u00f1os trabajando con mujeres cabeza de familia, adolescentes embarazadas y j\u00f3venes en dif\u00edcil situaci\u00f3n, le han dado una especial sensibilidad para los temas sociales a Liliana Su\u00e1rez, quien ahora suma una gran sensibilidad \u201celectoral\u201d pues todo apunta a que lograr\u00e1 una de las m\u00e1s altas votaciones para el Concejo en el partido ASI, donde tiene el n\u00famero 7 en la lista. Es la esposa del concejal Ronald Fortich pero, a diferencia de otros casos, no solo \u201chereda\u201d sus votos, sino que tiene un respaldo social importante. Adem\u00e1s, en sus reuniones nadie se aburre con peroratas pol\u00edticas, sino tiene un discurso lleno de vivencias y consejos que resultan edificantes para los asistentes.<\/p>\n","protected":false},"excerpt":{"rendered":"<p>\u2026 y vendr\u00e1n cosas peores Mar\u00eda Claudia P\u00e1ez comprob\u00f3 que fue indelicada funcionaria en la C\u00e1mara de Comercio y ahora se perfila como eximia mala perdedora. Entre su columna en El Universal, donde la han defendido a capa y espada, y las comentadas declaraciones que entreg\u00f3 a El Tiempo, est\u00e1 clar\u00edsima su inagotable capacidad para revolver verdades con mentiras, pero lo que m\u00e1s inquieta es su faceta revanchista, pues se sabe de sus movimientos para desquitarse de sus excompa\u00f1eros de Junta Directiva, los que decidieron sacarla por la puerta de&#8230; <\/p>\n","protected":false},"author":3,"featured_media":32317,"comment_status":"open","ping_status":"closed","sticky":false,"template":"","format":"standard","meta":{"footnotes":"","_links_to":"","_links_to_target":""},"categories":[75,44,45],"tags":[],"class_list":["post-32316","post","type-post","status-publish","format-standard","has-post-thumbnail","hentry","category-destacada","category-materiagris","category-orbita"],"_links":{"self":[{"href":"https:\/\/revistazetta.com\/index.php?rest_route=\/wp\/v2\/posts\/32316","targetHints":{"allow":["GET"]}}],"collection":[{"href":"https:\/\/revistazetta.com\/index.php?rest_route=\/wp\/v2\/posts"}],"about":[{"href":"https:\/\/revistazetta.com\/index.php?rest_route=\/wp\/v2\/types\/post"}],"author":[{"embeddable":true,"href":"https:\/\/revistazetta.com\/index.php?rest_route=\/wp\/v2\/users\/3"}],"replies":[{"embeddable":true,"href":"https:\/\/revistazetta.com\/index.php?rest_route=%2Fwp%2Fv2%2Fcomments&post=32316"}],"version-history":[{"count":0,"href":"https:\/\/revistazetta.com\/index.php?rest_route=\/wp\/v2\/posts\/32316\/revisions"}],"wp:featuredmedia":[{"embeddable":true,"href":"https:\/\/revistazetta.com\/index.php?rest_route=\/wp\/v2\/media\/32317"}],"wp:attachment":[{"href":"https:\/\/revistazetta.com\/index.php?rest_route=%2Fwp%2Fv2%2Fmedia&parent=32316"}],"wp:term":[{"taxonomy":"category","embeddable":true,"href":"https:\/\/revistazetta.com\/index.php?rest_route=%2Fwp%2Fv2%2Fcategories&post=32316"},{"taxonomy":"post_tag","embeddable":true,"href":"https:\/\/revistazetta.com\/index.php?rest_route=%2Fwp%2Fv2%2Ftags&post=32316"}],"curies":[{"name":"wp","href":"https:\/\/api.w.org\/{rel}","templated":true}]}}