{"id":32318,"date":"2019-09-18T07:21:04","date_gmt":"2019-09-18T12:21:04","guid":{"rendered":"http:\/\/www.revistazetta.com\/?p=32318"},"modified":"2019-09-18T07:21:04","modified_gmt":"2019-09-18T12:21:04","slug":"empresarios-del-sur-la-florida-buscan-oportunidades-negocio-cartagena","status":"publish","type":"post","link":"https:\/\/revistazetta.com\/?p=32318","title":{"rendered":"Empresarios del sur de la Florida buscan oportunidades de negocio en Cartagena"},"content":{"rendered":"<p>Con el objetivo de generar oportunidades de negocio, crecimiento y sostenibilidad a los empresarios, la C\u00e1mara de Comercio Colombo Americana de Miami (Estados Unidos) adelanta una misi\u00f3n empresarial exploratoria, multisectorial en Cartagena, con empresarios del sur de la Florida.<\/p>\n<p>Seg\u00fan su directora Ejecutiva, Ana Mar\u00eda Pi\u00f1eres Martelo, los empresarios tendr\u00e1n una nutrida agenda, en la que incluye entrevista con el Alcalde Mayor de Cartagena, la C\u00e1mara de Comercio de Cartagena, Zona Franca, Serena del Mar y as\u00ed mismo se contar\u00e1 con un espacio de relacionamiento con empresarios locales para generar cadenas de trabajo y nuevos nichos de mercado.<\/p>\n<p>Para Sandra Clavijo, abogada especializada en visas comerciales para empresarios y miembro de la junta directiva de la C\u00e1mara Colombo Americana, es de vital importancia generar estos empalmes y buscar la manera de guiar a los empresarios en estos procesos para promover el intercambio comercial de una manera correcta y sostenible.<\/p>\n<p>La C\u00e1mara de Comercio Colombo Americana de Miami tiene como raz\u00f3n misional el comercio bilateral entre Colombia y Estados Unidos y esta visita a Cartagena hace parte de un recorrido que se ha realizado en el resto del pa\u00eds y se espera continuar el a\u00f1o pr\u00f3ximo.<\/p>\n","protected":false},"excerpt":{"rendered":"<p>Con el objetivo de generar oportunidades de negocio, crecimiento y sostenibilidad a los empresarios, la C\u00e1mara de Comercio Colombo Americana de Miami (Estados Unidos) adelanta una misi\u00f3n empresarial exploratoria, multisectorial en Cartagena, con empresarios del sur de la Florida. Seg\u00fan su directora Ejecutiva, Ana Mar\u00eda Pi\u00f1eres Martelo, los empresarios tendr\u00e1n una nutrida agenda, en la que incluye entrevista con el Alcalde Mayor de Cartagena, la C\u00e1mara de Comercio de Cartagena, Zona Franca, Serena del Mar y as\u00ed mismo se contar\u00e1 con un espacio de relacionamiento con empresarios locales para generar&#8230; <\/p>\n","protected":false},"author":3,"featured_media":32319,"comment_status":"open","ping_status":"closed","sticky":false,"template":"","format":"standard","meta":{"footnotes":"","_links_to":"","_links_to_target":""},"categories":[75,3,50],"tags":[],"class_list":["post-32318","post","type-post","status-publish","format-standard","has-post-thumbnail","hentry","category-destacada","category-ciudad","category-empresa"],"_links":{"self":[{"href":"https:\/\/revistazetta.com\/index.php?rest_route=\/wp\/v2\/posts\/32318","targetHints":{"allow":["GET"]}}],"collection":[{"href":"https:\/\/revistazetta.com\/index.php?rest_route=\/wp\/v2\/posts"}],"about":[{"href":"https:\/\/revistazetta.com\/index.php?rest_route=\/wp\/v2\/types\/post"}],"author":[{"embeddable":true,"href":"https:\/\/revistazetta.com\/index.php?rest_route=\/wp\/v2\/users\/3"}],"replies":[{"embeddable":true,"href":"https:\/\/revistazetta.com\/index.php?rest_route=%2Fwp%2Fv2%2Fcomments&post=32318"}],"version-history":[{"count":0,"href":"https:\/\/revistazetta.com\/index.php?rest_route=\/wp\/v2\/posts\/32318\/revisions"}],"wp:featuredmedia":[{"embeddable":true,"href":"https:\/\/revistazetta.com\/index.php?rest_route=\/wp\/v2\/media\/32319"}],"wp:attachment":[{"href":"https:\/\/revistazetta.com\/index.php?rest_route=%2Fwp%2Fv2%2Fmedia&parent=32318"}],"wp:term":[{"taxonomy":"category","embeddable":true,"href":"https:\/\/revistazetta.com\/index.php?rest_route=%2Fwp%2Fv2%2Fcategories&post=32318"},{"taxonomy":"post_tag","embeddable":true,"href":"https:\/\/revistazetta.com\/index.php?rest_route=%2Fwp%2Fv2%2Ftags&post=32318"}],"curies":[{"name":"wp","href":"https:\/\/api.w.org\/{rel}","templated":true}]}}