{"id":32320,"date":"2019-09-18T07:35:06","date_gmt":"2019-09-18T12:35:06","guid":{"rendered":"http:\/\/www.revistazetta.com\/?p=32320"},"modified":"2019-09-18T07:35:06","modified_gmt":"2019-09-18T12:35:06","slug":"yasir-anaya-consolida-opcion-concejo-centro-democratico","status":"publish","type":"post","link":"https:\/\/revistazetta.com\/?p=32320","title":{"rendered":"Yasir Anaya consolida opci\u00f3n a Concejo en Centro Democr\u00e1tico"},"content":{"rendered":"<p>El candidato al Concejo de Cartagena, Yasir Anaya Villamil, n\u00famero 7 en el tarjet\u00f3n por el Centro Democr\u00e1tico, logr\u00f3 una gran convocatoria al reunir en un solo lugar a m\u00e1s de 200 l\u00edderes que respaldan su propuesta pol\u00edtica para ayudar desde el Concejo a construir una Cartagena nueva que sea incluyente.<\/p>\n<p>En un desayuno en el que se abordaron las diferentes problem\u00e1ticas de la ciudad y sus posibles soluciones, los l\u00edderes que respaldan de manera contundente la aspiraci\u00f3n de Anaya Villamil, manifestaron que la idea es multiplicar las diferentes posiciones del candidato, para que la ciudad pueda tener una cara fresca en la corporaci\u00f3n que coadministra la ciudad.<\/p>\n<p>Yasir Anaya Villamil reiter\u00f3 con sus l\u00edderes, que a \u00e9l le gusta m\u00e1s que tener relaciones pol\u00edticas, cultivar amistades, por lo cual considera que las personas que asistieron al evento, est\u00e1n comprometidas con su proyecto porque est\u00e1n convencidas de su capacidad de ejecuci\u00f3n y de gesti\u00f3n.<\/p>\n<p>El aspirante del Centro Democr\u00e1tico volvi\u00f3 a enfatizar en su compromiso con los problemas b\u00e1sicos de la ciudad, como lo son la salud, educaci\u00f3n, vivienda digna, pero sobre todo la seguridad ciudadana para que la gente pueda vivir tranquila en todos los sectores.<\/p>\n<p>Los l\u00edderes reunidos insistieron en que Cartagena es una de las ciudades que mayores \u00edndices de pobreza tiene en el pa\u00eds, pero tambi\u00e9n se trata de una oportunidad para hacer una buena gesti\u00f3n desde el Concejo, para sacar adelantes proyectos de Acuerdo que vayan en beneficio de las comunidades menos favorecidas.<\/p>\n<p>Yasir Anaya Villamil dijo que los l\u00edderes que lo acompa\u00f1aron el desayuno, no solo son de las tres localidades de la ciudad, sino que muchos de ellos son de los diferentes corregimientos, en donde tambi\u00e9n aspira a hacer un trabajo que permita a esas personas tener una vida digna.<\/p>\n<p>Anaya Villamil indic\u00f3 que espera contar con el apoyo no solo de estos l\u00edderes sino de las miles de personas que ellos representan, para lograr una curul en el Concejo, al cual aspira con el n\u00famero 7 en el tarjet\u00f3n por el partido Centro Democr\u00e1tico.<\/p>\n","protected":false},"excerpt":{"rendered":"<p>El candidato al Concejo de Cartagena, Yasir Anaya Villamil, n\u00famero 7 en el tarjet\u00f3n por el Centro Democr\u00e1tico, logr\u00f3 una gran convocatoria al reunir en un solo lugar a m\u00e1s de 200 l\u00edderes que respaldan su propuesta pol\u00edtica para ayudar desde el Concejo a construir una Cartagena nueva que sea incluyente. En un desayuno en el que se abordaron las diferentes problem\u00e1ticas de la ciudad y sus posibles soluciones, los l\u00edderes que respaldan de manera contundente la aspiraci\u00f3n de Anaya Villamil, manifestaron que la idea es multiplicar las diferentes posiciones&#8230; <\/p>\n","protected":false},"author":3,"featured_media":32321,"comment_status":"open","ping_status":"closed","sticky":false,"template":"","format":"standard","meta":{"footnotes":"","_links_to":"","_links_to_target":""},"categories":[75,4],"tags":[],"class_list":["post-32320","post","type-post","status-publish","format-standard","has-post-thumbnail","hentry","category-destacada","category-politica"],"_links":{"self":[{"href":"https:\/\/revistazetta.com\/index.php?rest_route=\/wp\/v2\/posts\/32320","targetHints":{"allow":["GET"]}}],"collection":[{"href":"https:\/\/revistazetta.com\/index.php?rest_route=\/wp\/v2\/posts"}],"about":[{"href":"https:\/\/revistazetta.com\/index.php?rest_route=\/wp\/v2\/types\/post"}],"author":[{"embeddable":true,"href":"https:\/\/revistazetta.com\/index.php?rest_route=\/wp\/v2\/users\/3"}],"replies":[{"embeddable":true,"href":"https:\/\/revistazetta.com\/index.php?rest_route=%2Fwp%2Fv2%2Fcomments&post=32320"}],"version-history":[{"count":0,"href":"https:\/\/revistazetta.com\/index.php?rest_route=\/wp\/v2\/posts\/32320\/revisions"}],"wp:featuredmedia":[{"embeddable":true,"href":"https:\/\/revistazetta.com\/index.php?rest_route=\/wp\/v2\/media\/32321"}],"wp:attachment":[{"href":"https:\/\/revistazetta.com\/index.php?rest_route=%2Fwp%2Fv2%2Fmedia&parent=32320"}],"wp:term":[{"taxonomy":"category","embeddable":true,"href":"https:\/\/revistazetta.com\/index.php?rest_route=%2Fwp%2Fv2%2Fcategories&post=32320"},{"taxonomy":"post_tag","embeddable":true,"href":"https:\/\/revistazetta.com\/index.php?rest_route=%2Fwp%2Fv2%2Ftags&post=32320"}],"curies":[{"name":"wp","href":"https:\/\/api.w.org\/{rel}","templated":true}]}}