{"id":32322,"date":"2019-09-18T10:17:39","date_gmt":"2019-09-18T15:17:39","guid":{"rendered":"http:\/\/www.revistazetta.com\/?p=32322"},"modified":"2019-09-18T10:17:39","modified_gmt":"2019-09-18T15:17:39","slug":"garcia-tirado-sale-al-paso-una-nueva-denuncia","status":"publish","type":"post","link":"https:\/\/revistazetta.com\/?p=32322","title":{"rendered":"Garc\u00eda Tirado sale al paso de una nueva denuncia"},"content":{"rendered":"<p>La Procuradur\u00eda abri\u00f3 una indagaci\u00f3n preliminar contra William Garc\u00eda Tirado, quien de inmediato sali\u00f3 al paso.<\/p>\n<p>\u201cEra de esperarse que el creciente respaldo que nos viene brindando el pueblo Cartagenero, nos convirtiera en blanco de todo tipo de ataques. Pero el 27 de octubre con el favor de Dios y el respaldo del pueblo cartagenero tendremos una victoria contundente\u201d, nos dice.<\/p>\n<p>Respecto de lo que llega a la Procuradur\u00eda, Garc\u00eda Tirado dice que esa entidad y el trabajo que hace el se\u00f1or Procurador \u201cmerecen toda nuestra atenci\u00f3n y todo nuestro respeto\u201d.<\/p>\n<p>Explica que lo regular es que las autoridades reciban y tramiten todas las querellas que presentan los ciudadanos.<\/p>\n<p>En su \u00f3ptica, hay gente con intereses particulares y una aceptaci\u00f3n popular m\u00ednima, que acuden a la instrumentalizaci\u00f3n de la justicia como arma electoral.<\/p>\n<p>\u201cDe los aspectos jur\u00eddicos se encargar\u00e1n mis abogados, quienes me representar\u00e1n y responder\u00e1n uno a uno los se\u00f1alamientos\u201d.<\/p>\n<p>Por\u00a0 \u00faltimo, dice que \u201ca los ataques vamos a responder con m\u00e1s presencia en la calle, con m\u00e1s amor y mayor compromiso por Cartagena, acudiremos a la fuerza de nuestras ideas y al apoyo de los ciudadanos para defender este proyecto que es de todos\u201d.<\/p>\n<p><strong>Denuncitis<\/strong><\/p>\n<p>Si fuera por strikes, la denuncitis ya se hubiera \u201cponchado\u201d, pero estamos en la recta final de las campa\u00f1as pol\u00edticas y la susceptibilidad pol\u00edtica anda en m\u00e1ximos niveles.<\/p>\n<p>Uno de los blancos de mayores ataques ha sido la campa\u00f1a de William Garc\u00eda Tirado, quien ha repelido con \u00e9xito los m\u00e1s feroces, y est\u00e1 listo para los que vienen.<\/p>\n<p>No solo los ataques llegan por denuncias, sino pululan en las redes sociales, con descalificaciones en todos los tonos.<\/p>\n<p>De ellos, el primer \u201cstrike\u201d fue la alharaca con sus t\u00edtulos acad\u00e9micos, que no resisti\u00f3 las explicaciones pues todo andaba en orden; el segundo \u201cstrike\u201d pretendi\u00f3 vincularlo al esc\u00e1ndalo del edificio Aquarela, pero el cronograma de los hechos descart\u00f3 esa invenci\u00f3n; los papeles cuestionados eran de 2015 y Garc\u00eda Tirado lleg\u00f3 a Corvivienda en 2016; el m\u00e1s reciente \u201cstrike\u201d fue una denuncia cuyo radicado nunca correspondi\u00f3 al registro de la Procuradur\u00eda, y que se\u00f1alaba anomal\u00edas en la compra de un lote para un programa de vivienda. Adem\u00e1s de no existir la denuncia realmente, lo que consignaba era absurdo, pues las compras de inmuebles en el sector p\u00fablicos est\u00e1n reguladas por la ley y deben tener un aval\u00fao de la Lonja, mientras que entre particulares opera la libre fijaci\u00f3n del precio.<\/p>\n<p>&nbsp;<\/p>\n<p>&nbsp;<\/p>\n<p>&nbsp;<\/p>\n","protected":false},"excerpt":{"rendered":"<p>La Procuradur\u00eda abri\u00f3 una indagaci\u00f3n preliminar contra William Garc\u00eda Tirado, quien de inmediato sali\u00f3 al paso. \u201cEra de esperarse que el creciente respaldo que nos viene brindando el pueblo Cartagenero, nos convirtiera en blanco de todo tipo de ataques. Pero el 27 de octubre con el favor de Dios y el respaldo del pueblo cartagenero tendremos una victoria contundente\u201d, nos dice. Respecto de lo que llega a la Procuradur\u00eda, Garc\u00eda Tirado dice que esa entidad y el trabajo que hace el se\u00f1or Procurador \u201cmerecen toda nuestra atenci\u00f3n y todo nuestro&#8230; <\/p>\n","protected":false},"author":3,"featured_media":32323,"comment_status":"open","ping_status":"closed","sticky":false,"template":"","format":"standard","meta":{"footnotes":"","_links_to":"","_links_to_target":""},"categories":[75,4],"tags":[],"class_list":["post-32322","post","type-post","status-publish","format-standard","has-post-thumbnail","hentry","category-destacada","category-politica"],"_links":{"self":[{"href":"https:\/\/revistazetta.com\/index.php?rest_route=\/wp\/v2\/posts\/32322","targetHints":{"allow":["GET"]}}],"collection":[{"href":"https:\/\/revistazetta.com\/index.php?rest_route=\/wp\/v2\/posts"}],"about":[{"href":"https:\/\/revistazetta.com\/index.php?rest_route=\/wp\/v2\/types\/post"}],"author":[{"embeddable":true,"href":"https:\/\/revistazetta.com\/index.php?rest_route=\/wp\/v2\/users\/3"}],"replies":[{"embeddable":true,"href":"https:\/\/revistazetta.com\/index.php?rest_route=%2Fwp%2Fv2%2Fcomments&post=32322"}],"version-history":[{"count":0,"href":"https:\/\/revistazetta.com\/index.php?rest_route=\/wp\/v2\/posts\/32322\/revisions"}],"wp:featuredmedia":[{"embeddable":true,"href":"https:\/\/revistazetta.com\/index.php?rest_route=\/wp\/v2\/media\/32323"}],"wp:attachment":[{"href":"https:\/\/revistazetta.com\/index.php?rest_route=%2Fwp%2Fv2%2Fmedia&parent=32322"}],"wp:term":[{"taxonomy":"category","embeddable":true,"href":"https:\/\/revistazetta.com\/index.php?rest_route=%2Fwp%2Fv2%2Fcategories&post=32322"},{"taxonomy":"post_tag","embeddable":true,"href":"https:\/\/revistazetta.com\/index.php?rest_route=%2Fwp%2Fv2%2Ftags&post=32322"}],"curies":[{"name":"wp","href":"https:\/\/api.w.org\/{rel}","templated":true}]}}