{"id":32325,"date":"2019-09-19T06:47:19","date_gmt":"2019-09-19T11:47:19","guid":{"rendered":"http:\/\/www.revistazetta.com\/?p=32325"},"modified":"2019-09-19T06:50:06","modified_gmt":"2019-09-19T11:50:06","slug":"orbita-politica-john-zamora-jueves-19-septiembre-2019","status":"publish","type":"post","link":"https:\/\/revistazetta.com\/?p=32325","title":{"rendered":"\u00d3rbita Pol\u00edtica de John Zamora &#8211; jueves 19 de septiembre 2019"},"content":{"rendered":"<p><strong>Pedrito rinde cuentas<\/strong><\/p>\n<p>En el auditorio del Tecnol\u00f3gico Comfenalco se efectuar\u00e1 este viernes 20 de septiembre, a las 9 am, la audiencia p\u00fablica participativa de rendici\u00f3n de cuentas 2018-2019 del alcalde encargado Pedrito Pereira, quien est\u00e1 a tres meses de culminar este convulsionado periodo institucional que abri\u00f3 Manolo Duque y continu\u00f3 Sergio Londo\u00f1o, Yolanda Wong y Quinto Guerra. Cubrimiento especial de Revista Zetta.<\/p>\n<p>\u00abEste es un encuentro abierto para los cartageneros, para que conozcan todo el trabajo que se ha realizado durante nuestro encargo con el fin de abrir el camino hacia una mejor ciudad, donde todo nuestro esfuerzo est\u00e1 dirigido a nuestros habitantes y visitantes. Los pasos que se han dado\u00a0 y que permitir\u00e1n que Cartagena camine hacia la modernidad\u00bb, dijo Pereira Caballero.<\/p>\n<p>Se decidi\u00f3 retransmitir la audiencia y para ello se dispuso de espacios en las sedes de las alcald\u00edas en las tres localidades. Tambi\u00e9n habr\u00e1 transmisi\u00f3n por el Facebook oficial y la p\u00e1gina web de la Alcald\u00eda de Cartagena.<\/p>\n<p>La din\u00e1mica de la audiencia participativa de rendici\u00f3n de cuentas de gesti\u00f3n de gobierno del Alcalde constar\u00e1 de un registro inicial de asistentes, los actos protocolarios, la presentaci\u00f3n de un video, la audiencia p\u00fablica y las palabras del Alcalde de Cartagena.\u00a0Se contar\u00e1 con un espacio para la participaci\u00f3n ciudadana. Se tendr\u00e1 la intervenci\u00f3n con Consejo Territorial de Planeaci\u00f3n y las palabras de cierre del Alcalde. As\u00ed mismo, un encuentro con los medios de comunicaci\u00f3n.<\/p>\n<p>&nbsp;<\/p>\n<p><strong>Caminando por Bazurto<\/strong><\/p>\n<p>Shirlis Bele\u00f1o lleva m\u00e1s de 20 a\u00f1os madrugando a caminar todos los rincones de Bazurto, y con mayor raz\u00f3n ahora que est\u00e1 aspirando al Concejo, en el Partido ASI N\u00ba3. En sus recorridos saluda a todos los comerciantes, pero hay uno muy especial en su coraz\u00f3n: Guillermo \u201cCachaco\u201d Ram\u00edrez, quien en su momento le brind\u00f3 una oportunidad laboral y con quien vive siempre agradecida.<\/p>\n<p>Shirlis program\u00f3 para este viernes una nueva caminata, desde las 4 am, y solo terminar\u00e1 cuando haya recorrido de nuevo todos los recovecos de la plaza de mercado.<\/p>\n<p>&nbsp;<\/p>\n<p><strong>\u00a1Viva la Champeta!<\/strong><\/p>\n<p>Mr. Black lleg\u00f3 al edificio del Congreso Nacional y no dimension\u00f3 cuantos champet\u00faos se iba a encontrar all\u00e1, gente que aprecia este g\u00e9nero musical. El m\u00e1s fervoroso result\u00f3 ser Emeterio Montes, representante por Bol\u00edvar, quien con orgullo mostr\u00f3 el encuentro en sus redes con este texto: \u201cLa cultura es la tradici\u00f3n de los pueblos y cuando se transmite al mundo se logra unir sentimientos, historias, legados, sonidos y un sinf\u00edn de rasgos de identidad. Me alegra mucho compartir con mi amigo Mr. Black el Presidente, gran exponente de la Champeta en el pa\u00eds\u201d.<\/p>\n","protected":false},"excerpt":{"rendered":"<p>Pedrito rinde cuentas En el auditorio del Tecnol\u00f3gico Comfenalco se efectuar\u00e1 este viernes 20 de septiembre, a las 9 am, la audiencia p\u00fablica participativa de rendici\u00f3n de cuentas 2018-2019 del alcalde encargado Pedrito Pereira, quien est\u00e1 a tres meses de culminar este convulsionado periodo institucional que abri\u00f3 Manolo Duque y continu\u00f3 Sergio Londo\u00f1o, Yolanda Wong y Quinto Guerra. Cubrimiento especial de Revista Zetta. \u00abEste es un encuentro abierto para los cartageneros, para que conozcan todo el trabajo que se ha realizado durante nuestro encargo con el fin de abrir el&#8230; <\/p>\n","protected":false},"author":3,"featured_media":32326,"comment_status":"open","ping_status":"closed","sticky":false,"template":"","format":"standard","meta":{"footnotes":"","_links_to":"","_links_to_target":""},"categories":[75,44,45],"tags":[],"class_list":["post-32325","post","type-post","status-publish","format-standard","has-post-thumbnail","hentry","category-destacada","category-materiagris","category-orbita"],"_links":{"self":[{"href":"https:\/\/revistazetta.com\/index.php?rest_route=\/wp\/v2\/posts\/32325","targetHints":{"allow":["GET"]}}],"collection":[{"href":"https:\/\/revistazetta.com\/index.php?rest_route=\/wp\/v2\/posts"}],"about":[{"href":"https:\/\/revistazetta.com\/index.php?rest_route=\/wp\/v2\/types\/post"}],"author":[{"embeddable":true,"href":"https:\/\/revistazetta.com\/index.php?rest_route=\/wp\/v2\/users\/3"}],"replies":[{"embeddable":true,"href":"https:\/\/revistazetta.com\/index.php?rest_route=%2Fwp%2Fv2%2Fcomments&post=32325"}],"version-history":[{"count":0,"href":"https:\/\/revistazetta.com\/index.php?rest_route=\/wp\/v2\/posts\/32325\/revisions"}],"wp:featuredmedia":[{"embeddable":true,"href":"https:\/\/revistazetta.com\/index.php?rest_route=\/wp\/v2\/media\/32326"}],"wp:attachment":[{"href":"https:\/\/revistazetta.com\/index.php?rest_route=%2Fwp%2Fv2%2Fmedia&parent=32325"}],"wp:term":[{"taxonomy":"category","embeddable":true,"href":"https:\/\/revistazetta.com\/index.php?rest_route=%2Fwp%2Fv2%2Fcategories&post=32325"},{"taxonomy":"post_tag","embeddable":true,"href":"https:\/\/revistazetta.com\/index.php?rest_route=%2Fwp%2Fv2%2Ftags&post=32325"}],"curies":[{"name":"wp","href":"https:\/\/api.w.org\/{rel}","templated":true}]}}