{"id":32328,"date":"2019-09-19T07:03:45","date_gmt":"2019-09-19T12:03:45","guid":{"rendered":"http:\/\/www.revistazetta.com\/?p=32328"},"modified":"2019-09-19T07:04:08","modified_gmt":"2019-09-19T12:04:08","slug":"araujo-terminara-obras-publicas-inconclusas","status":"publish","type":"post","link":"https:\/\/revistazetta.com\/?p=32328","title":{"rendered":"Ara\u00fajo terminar\u00e1 obras p\u00fablicas inconclusas"},"content":{"rendered":"<p>El candidato a la Alcald\u00eda de Cartagena, Fernando Ara\u00fajo, contin\u00faa ratificando su compromiso con los barrios de la ciudad para darle soluci\u00f3n definitiva a las problem\u00e1ticas que se presentan a diario. En esta oportunidad el candidato visit\u00f3 Los Calamares y San Jos\u00e9 de Los Campanos, donde los asistentes a estas reuniones pudieron exponer las necesidades que se presentan en sus sectores.<br \/>\nObras inconclusas, falta de oportunidad para los j\u00f3venes y construcci\u00f3n de v\u00edas fueron algunas de las inquietudes presentadas por los asistentes.<br \/>\n\u00abTenemos que acabar lo que ya se ha comenzado, por ejemplo, las obras en los colegios, centros de vida y Centros de Atenci\u00f3n Permanente &#8211; CAP\u00bb, asever\u00f3 Ara\u00fajo.<br \/>\nEl bienestar de los ciudadanos es prioridad para Ara\u00fajo, por lo que se comprometi\u00f3 a trabajar por el bienestar de todos los cartageneros.<br \/>\n\u00abQuiero brindarle bienestar a todos los ciudadanos, la Alcald\u00eda tiene que estar al servicio de todos los cartageneros\u00bb, asegur\u00f3 Fernando Ara\u00fajo.<\/p>\n","protected":false},"excerpt":{"rendered":"<p>El candidato a la Alcald\u00eda de Cartagena, Fernando Ara\u00fajo, contin\u00faa ratificando su compromiso con los barrios de la ciudad para darle soluci\u00f3n definitiva a las problem\u00e1ticas que se presentan a diario. En esta oportunidad el candidato visit\u00f3 Los Calamares y San Jos\u00e9 de Los Campanos, donde los asistentes a estas reuniones pudieron exponer las necesidades que se presentan en sus sectores. Obras inconclusas, falta de oportunidad para los j\u00f3venes y construcci\u00f3n de v\u00edas fueron algunas de las inquietudes presentadas por los asistentes. \u00abTenemos que acabar lo que ya se ha&#8230; <\/p>\n","protected":false},"author":3,"featured_media":32329,"comment_status":"open","ping_status":"closed","sticky":false,"template":"","format":"standard","meta":{"footnotes":"","_links_to":"","_links_to_target":""},"categories":[75,4],"tags":[],"class_list":["post-32328","post","type-post","status-publish","format-standard","has-post-thumbnail","hentry","category-destacada","category-politica"],"_links":{"self":[{"href":"https:\/\/revistazetta.com\/index.php?rest_route=\/wp\/v2\/posts\/32328","targetHints":{"allow":["GET"]}}],"collection":[{"href":"https:\/\/revistazetta.com\/index.php?rest_route=\/wp\/v2\/posts"}],"about":[{"href":"https:\/\/revistazetta.com\/index.php?rest_route=\/wp\/v2\/types\/post"}],"author":[{"embeddable":true,"href":"https:\/\/revistazetta.com\/index.php?rest_route=\/wp\/v2\/users\/3"}],"replies":[{"embeddable":true,"href":"https:\/\/revistazetta.com\/index.php?rest_route=%2Fwp%2Fv2%2Fcomments&post=32328"}],"version-history":[{"count":0,"href":"https:\/\/revistazetta.com\/index.php?rest_route=\/wp\/v2\/posts\/32328\/revisions"}],"wp:featuredmedia":[{"embeddable":true,"href":"https:\/\/revistazetta.com\/index.php?rest_route=\/wp\/v2\/media\/32329"}],"wp:attachment":[{"href":"https:\/\/revistazetta.com\/index.php?rest_route=%2Fwp%2Fv2%2Fmedia&parent=32328"}],"wp:term":[{"taxonomy":"category","embeddable":true,"href":"https:\/\/revistazetta.com\/index.php?rest_route=%2Fwp%2Fv2%2Fcategories&post=32328"},{"taxonomy":"post_tag","embeddable":true,"href":"https:\/\/revistazetta.com\/index.php?rest_route=%2Fwp%2Fv2%2Ftags&post=32328"}],"curies":[{"name":"wp","href":"https:\/\/api.w.org\/{rel}","templated":true}]}}