{"id":32332,"date":"2019-09-19T07:50:01","date_gmt":"2019-09-19T12:50:01","guid":{"rendered":"http:\/\/www.revistazetta.com\/?p=32332"},"modified":"2019-09-19T07:50:01","modified_gmt":"2019-09-19T12:50:01","slug":"detallada-revision-obras-ano-la-victoria","status":"publish","type":"post","link":"https:\/\/revistazetta.com\/?p=32332","title":{"rendered":"Detallada revisi\u00f3n de obras en el A\u00f1o de la Victoria"},"content":{"rendered":"<p>A trav\u00e9s de una mesa de trabajo conjunta liderada por el gobernador Dumek Turbay y la ministra de transportes \u00c1ngela Mar\u00eda Orozco, se realiz\u00f3 una revisi\u00f3n detallada de todos los avances del departamento en materia de infraestructura vial.<\/p>\n<p>El encuentro tuvo lugar en la Casa de Surtigas del antiguo barrio de El Cabrero. All\u00ed junto a la ministra de transporte \u00c1ngela Mar\u00eda Orozco, el gobernador departamental Dumek Turbay, revis\u00f3 uno a uno, todos los temas pendientes en materia de obras de infraestructura vial en compa\u00f1\u00eda de los miembros de su gabinete y asesores de la ministra. Tambi\u00e9n estuvieron presentes la Agencia Nacional de Seguridad Vial (ANI) y la Superintendencia de Transportes.<\/p>\n<p>Dentro del balance que deja esta mesa t\u00e9cnica del d\u00eda de hoy, cabe resaltar que el primero de octubre se instala el Concejo Territorial de Seguridad Vial en Bol\u00edvar con el Ministerio de Transportes. Tambi\u00e9n, la Ministra \u00c1ngela Mar\u00eda Orozco adelantar\u00e1 todos los tr\u00e1mites pertinentes para poner en marcha el puente Yat\u00ed \u2013 Bodega.<\/p>\n<p>\u201cCon INVIAS estamos buscando acciones a corto plazo para poner en marcha el puente Yat\u00ed bodega, una vez el Fondo de Adaptaci\u00f3n lo ponga en funcionamiento\u201d, asever\u00f3 la alta funcionaria.<\/p>\n<p>A su vez, Orozco destac\u00f3 el trabajo coordinado que viene desarrollando con la administraci\u00f3n departamental: \u201cAqu\u00ed estamos revisando los proyectos que faltan por presentar, tambi\u00e9n hicimos una revisi\u00f3n de todo lo que ha hecho la gobernaci\u00f3n en t\u00e9rminos de la conectividad con el sur del departamento que es la parte que est\u00e1 m\u00e1s aislada\u201d, agreg\u00f3.<\/p>\n<p>Entretanto, la ministra de Transporte tambi\u00e9n resalt\u00f3 el modelo de gobierno de Dumek Turbay, y asegur\u00f3 que servir\u00e1 de ejemplo a nivel de pa\u00eds, porque le ha dado prioridad a la conectividad. \u201cRealmente las v\u00edas son equidad, porque permiten conectar a la gente para sacar sus cultivos y llevarlos a los centros de consumo\u201d, expres\u00f3.<\/p>\n","protected":false},"excerpt":{"rendered":"<p>A trav\u00e9s de una mesa de trabajo conjunta liderada por el gobernador Dumek Turbay y la ministra de transportes \u00c1ngela Mar\u00eda Orozco, se realiz\u00f3 una revisi\u00f3n detallada de todos los avances del departamento en materia de infraestructura vial. El encuentro tuvo lugar en la Casa de Surtigas del antiguo barrio de El Cabrero. All\u00ed junto a la ministra de transporte \u00c1ngela Mar\u00eda Orozco, el gobernador departamental Dumek Turbay, revis\u00f3 uno a uno, todos los temas pendientes en materia de obras de infraestructura vial en compa\u00f1\u00eda de los miembros de su&#8230; <\/p>\n","protected":false},"author":3,"featured_media":32333,"comment_status":"open","ping_status":"closed","sticky":false,"template":"","format":"standard","meta":{"footnotes":"","_links_to":"","_links_to_target":""},"categories":[75,80],"tags":[],"class_list":["post-32332","post","type-post","status-publish","format-standard","has-post-thumbnail","hentry","category-destacada","category-region"],"_links":{"self":[{"href":"https:\/\/revistazetta.com\/index.php?rest_route=\/wp\/v2\/posts\/32332","targetHints":{"allow":["GET"]}}],"collection":[{"href":"https:\/\/revistazetta.com\/index.php?rest_route=\/wp\/v2\/posts"}],"about":[{"href":"https:\/\/revistazetta.com\/index.php?rest_route=\/wp\/v2\/types\/post"}],"author":[{"embeddable":true,"href":"https:\/\/revistazetta.com\/index.php?rest_route=\/wp\/v2\/users\/3"}],"replies":[{"embeddable":true,"href":"https:\/\/revistazetta.com\/index.php?rest_route=%2Fwp%2Fv2%2Fcomments&post=32332"}],"version-history":[{"count":0,"href":"https:\/\/revistazetta.com\/index.php?rest_route=\/wp\/v2\/posts\/32332\/revisions"}],"wp:featuredmedia":[{"embeddable":true,"href":"https:\/\/revistazetta.com\/index.php?rest_route=\/wp\/v2\/media\/32333"}],"wp:attachment":[{"href":"https:\/\/revistazetta.com\/index.php?rest_route=%2Fwp%2Fv2%2Fmedia&parent=32332"}],"wp:term":[{"taxonomy":"category","embeddable":true,"href":"https:\/\/revistazetta.com\/index.php?rest_route=%2Fwp%2Fv2%2Fcategories&post=32332"},{"taxonomy":"post_tag","embeddable":true,"href":"https:\/\/revistazetta.com\/index.php?rest_route=%2Fwp%2Fv2%2Ftags&post=32332"}],"curies":[{"name":"wp","href":"https:\/\/api.w.org\/{rel}","templated":true}]}}