{"id":32334,"date":"2019-09-19T08:23:41","date_gmt":"2019-09-19T13:23:41","guid":{"rendered":"http:\/\/www.revistazetta.com\/?p=32334"},"modified":"2019-09-19T08:23:41","modified_gmt":"2019-09-19T13:23:41","slug":"momento-la-transformacion-la-ciudad-carlos-raad","status":"publish","type":"post","link":"https:\/\/revistazetta.com\/?p=32334","title":{"rendered":"Es el momento de la transformaci\u00f3n de la ciudad: Carlos Raad"},"content":{"rendered":"<p><img loading=\"lazy\" decoding=\"async\" class=\"aligncenter wp-image-32338 size-large\" src=\"https:\/\/www.revistazetta.com\/wp-content\/uploads\/2019\/09\/MG_7682-1024x640.jpg\" alt=\"\" width=\"1024\" height=\"640\" srcset=\"https:\/\/revistazetta.com\/wp-content\/uploads\/2019\/09\/MG_7682.jpg 1024w, https:\/\/revistazetta.com\/wp-content\/uploads\/2019\/09\/MG_7682-400x250.jpg 400w, https:\/\/revistazetta.com\/wp-content\/uploads\/2019\/09\/MG_7682-234x146.jpg 234w, https:\/\/revistazetta.com\/wp-content\/uploads\/2019\/09\/MG_7682-50x31.jpg 50w, https:\/\/revistazetta.com\/wp-content\/uploads\/2019\/09\/MG_7682-120x75.jpg 120w\" sizes=\"auto, (max-width: 1024px) 100vw, 1024px\" \/><\/p>\n<p>La transformaci\u00f3n de Cartagena no da espera y por eso es imperativo un nuevo liderazgo que concrete el cambio social, pol\u00edtico y administrativo.<\/p>\n<p>Ese fue el mensaje central que entreg\u00f3 ante m\u00e1s de 800 personas reunidas en Olaya Herrera el candidato al Concejo Carlos Raad, del partido Cambio Radical N\u00aa7 en el tarjet\u00f3n.<\/p>\n<p>\u00abEstoy dispuesto a hacerlo generando acciones concretas que permitan impulsar iniciativas que propendan en la mejora de la calidad de vida de estos sectores\u00bb, dijo al explicar que a barrios tan populares como Olaya se muevan por las sendas del progreso y del desarrollo.<\/p>\n<p>De all\u00ed que le apuesta esa transformaci\u00f3n bajo la batuta de un alcalde transformador, y ese es\u00a0William Garc\u00eda Tirado, con quien est\u00e1 seguro se podr\u00e1 reedificar una Cartagena donde quepamos todos.<\/p>\n<p>\u00abEl reto es claro, devolverle la confianza a la gente y demostrar qu\u00e9 haciendo las cosas bien y jalonando en el mismo sentido podemos sacar a Cartagena adelante del abismo\u00bb.<\/p>\n<p>Raad consider\u00f3 que la administraci\u00f3n entrante de William Garc\u00eda tendr\u00e1 un aliado en el Concejo dispuesto a enriquecer las iniciativas que se presenten, pero especific\u00f3 que \u00abtambi\u00e9n ser\u00e9 el garante de la ciudadan\u00eda para que no se siga jugando con la ilusi\u00f3n de esta gente que sue\u00f1a y pide a gritos una mejor ciudad\u00bb.<\/p>\n<p>La reuni\u00f3n fue con m\u00e1s de 800 personas en Olaya, sector Ricaurte en la cancha que est\u00e1 al lado del colegio San Felipe Neri, con invitaci\u00f3n del dirigente Juan Barrios.<\/p>\n<p><img loading=\"lazy\" decoding=\"async\" class=\"aligncenter wp-image-32337 size-large\" src=\"https:\/\/www.revistazetta.com\/wp-content\/uploads\/2019\/09\/MG_7657-1024x640.jpg\" alt=\"\" width=\"1024\" height=\"640\" srcset=\"https:\/\/revistazetta.com\/wp-content\/uploads\/2019\/09\/MG_7657.jpg 1024w, https:\/\/revistazetta.com\/wp-content\/uploads\/2019\/09\/MG_7657-400x250.jpg 400w, https:\/\/revistazetta.com\/wp-content\/uploads\/2019\/09\/MG_7657-234x146.jpg 234w, https:\/\/revistazetta.com\/wp-content\/uploads\/2019\/09\/MG_7657-50x31.jpg 50w, https:\/\/revistazetta.com\/wp-content\/uploads\/2019\/09\/MG_7657-120x75.jpg 120w\" sizes=\"auto, (max-width: 1024px) 100vw, 1024px\" \/><\/p>\n<p>&nbsp;<\/p>\n","protected":false},"excerpt":{"rendered":"<p>La transformaci\u00f3n de Cartagena no da espera y por eso es imperativo un nuevo liderazgo que concrete el cambio social, pol\u00edtico y administrativo. Ese fue el mensaje central que entreg\u00f3 ante m\u00e1s de 800 personas reunidas en Olaya Herrera el candidato al Concejo Carlos Raad, del partido Cambio Radical N\u00aa7 en el tarjet\u00f3n. \u00abEstoy dispuesto a hacerlo generando acciones concretas que permitan impulsar iniciativas que propendan en la mejora de la calidad de vida de estos sectores\u00bb, dijo al explicar que a barrios tan populares como Olaya se muevan por&#8230; <\/p>\n","protected":false},"author":3,"featured_media":32335,"comment_status":"open","ping_status":"closed","sticky":false,"template":"","format":"standard","meta":{"footnotes":"","_links_to":"","_links_to_target":""},"categories":[75,4],"tags":[],"class_list":["post-32334","post","type-post","status-publish","format-standard","has-post-thumbnail","hentry","category-destacada","category-politica"],"_links":{"self":[{"href":"https:\/\/revistazetta.com\/index.php?rest_route=\/wp\/v2\/posts\/32334","targetHints":{"allow":["GET"]}}],"collection":[{"href":"https:\/\/revistazetta.com\/index.php?rest_route=\/wp\/v2\/posts"}],"about":[{"href":"https:\/\/revistazetta.com\/index.php?rest_route=\/wp\/v2\/types\/post"}],"author":[{"embeddable":true,"href":"https:\/\/revistazetta.com\/index.php?rest_route=\/wp\/v2\/users\/3"}],"replies":[{"embeddable":true,"href":"https:\/\/revistazetta.com\/index.php?rest_route=%2Fwp%2Fv2%2Fcomments&post=32334"}],"version-history":[{"count":0,"href":"https:\/\/revistazetta.com\/index.php?rest_route=\/wp\/v2\/posts\/32334\/revisions"}],"wp:featuredmedia":[{"embeddable":true,"href":"https:\/\/revistazetta.com\/index.php?rest_route=\/wp\/v2\/media\/32335"}],"wp:attachment":[{"href":"https:\/\/revistazetta.com\/index.php?rest_route=%2Fwp%2Fv2%2Fmedia&parent=32334"}],"wp:term":[{"taxonomy":"category","embeddable":true,"href":"https:\/\/revistazetta.com\/index.php?rest_route=%2Fwp%2Fv2%2Fcategories&post=32334"},{"taxonomy":"post_tag","embeddable":true,"href":"https:\/\/revistazetta.com\/index.php?rest_route=%2Fwp%2Fv2%2Ftags&post=32334"}],"curies":[{"name":"wp","href":"https:\/\/api.w.org\/{rel}","templated":true}]}}