{"id":32343,"date":"2019-09-19T11:10:41","date_gmt":"2019-09-19T16:10:41","guid":{"rendered":"http:\/\/www.revistazetta.com\/?p=32343"},"modified":"2019-09-19T11:10:41","modified_gmt":"2019-09-19T16:10:41","slug":"ana-castro-la-asamblea-unidos-bolivar","status":"publish","type":"post","link":"https:\/\/revistazetta.com\/?p=32343","title":{"rendered":"Ana Castro a la Asamblea: Unidos por Bol\u00edvar"},"content":{"rendered":"<ul>\n<li>La candidata a la Asamblea Departamental por el partido Conservador aparece en la casilla n\u00famero 51 en el tarjet\u00f3n.<\/li>\n<\/ul>\n<p>\u201cVengo de la provincia, acostumbrada al trabajo social y con la vocaci\u00f3n de servicio que he desarrollado a lo largo del tiempo. Conozco al detalle las reales necesidades de los bolivarenses\u201d, expresa la candidata a la asamblea de Bol\u00edvar, Ana Castro.<\/p>\n<p>La aspirante por el partido Conservador recorre los municipios del departamento de Bol\u00edvar llevando un mensaje de trabajo en equipo, que es lo que ella considera necesario para lograr los resultados que, desde la administraci\u00f3n p\u00fablica, se puedan dar seg\u00fan las necesidades de los habitantes a lo largo y ancho del territorio bolivarense.<\/p>\n<p>\u201cUnidos por Bol\u00edvar\u201d es el lema que acompa\u00f1a la campa\u00f1a de Ana Castro, una mujer que tiene amplia experiencia en el sector p\u00fablico y privado, Economista, especialista en gesti\u00f3n gerencial y motivada a aspirar a un cargo de elecci\u00f3n popular por primera vez con el fin de poder realizar un trabajo de gesti\u00f3n en compa\u00f1\u00eda de los lideres de las comunidades que necesitan la verdadera ayuda, desde el gobierno departamental, para su desarrollo en los diferentes frentes.<\/p>\n<p>Castro le apuesta a un trabajo que beneficie a los j\u00f3venes, a los adultos de la tercera edad, al campesino y al adecuado desarrollo de la primera infancia. \u201cEstos son los pilares que contempla mi plan de gobierno, d\u00e1ndole el espacio y la oportunidad a todos para lograr tener una mejor calidad de vida\u201d, indica Castro.<\/p>\n<p>\u201cInvito a los bolivarenses a que el pr\u00f3ximo 27 de octubre vayan a las urnas y depositen su voto de confianza en una mujer que llegar\u00eda por primera vez a la Asamblea Departamental con la disposici\u00f3n de trabajar por el desarrollo com\u00fan y no por el bienestar individual\u201d, concluye Ana Castro.<\/p>\n","protected":false},"excerpt":{"rendered":"<p>La candidata a la Asamblea Departamental por el partido Conservador aparece en la casilla n\u00famero 51 en el tarjet\u00f3n. \u201cVengo de la provincia, acostumbrada al trabajo social y con la vocaci\u00f3n de servicio que he desarrollado a lo largo del tiempo. Conozco al detalle las reales necesidades de los bolivarenses\u201d, expresa la candidata a la asamblea de Bol\u00edvar, Ana Castro. La aspirante por el partido Conservador recorre los municipios del departamento de Bol\u00edvar llevando un mensaje de trabajo en equipo, que es lo que ella considera necesario para lograr los&#8230; <\/p>\n","protected":false},"author":3,"featured_media":32344,"comment_status":"open","ping_status":"closed","sticky":false,"template":"","format":"standard","meta":{"footnotes":"","_links_to":"","_links_to_target":""},"categories":[75,4],"tags":[],"class_list":["post-32343","post","type-post","status-publish","format-standard","has-post-thumbnail","hentry","category-destacada","category-politica"],"_links":{"self":[{"href":"https:\/\/revistazetta.com\/index.php?rest_route=\/wp\/v2\/posts\/32343","targetHints":{"allow":["GET"]}}],"collection":[{"href":"https:\/\/revistazetta.com\/index.php?rest_route=\/wp\/v2\/posts"}],"about":[{"href":"https:\/\/revistazetta.com\/index.php?rest_route=\/wp\/v2\/types\/post"}],"author":[{"embeddable":true,"href":"https:\/\/revistazetta.com\/index.php?rest_route=\/wp\/v2\/users\/3"}],"replies":[{"embeddable":true,"href":"https:\/\/revistazetta.com\/index.php?rest_route=%2Fwp%2Fv2%2Fcomments&post=32343"}],"version-history":[{"count":0,"href":"https:\/\/revistazetta.com\/index.php?rest_route=\/wp\/v2\/posts\/32343\/revisions"}],"wp:featuredmedia":[{"embeddable":true,"href":"https:\/\/revistazetta.com\/index.php?rest_route=\/wp\/v2\/media\/32344"}],"wp:attachment":[{"href":"https:\/\/revistazetta.com\/index.php?rest_route=%2Fwp%2Fv2%2Fmedia&parent=32343"}],"wp:term":[{"taxonomy":"category","embeddable":true,"href":"https:\/\/revistazetta.com\/index.php?rest_route=%2Fwp%2Fv2%2Fcategories&post=32343"},{"taxonomy":"post_tag","embeddable":true,"href":"https:\/\/revistazetta.com\/index.php?rest_route=%2Fwp%2Fv2%2Ftags&post=32343"}],"curies":[{"name":"wp","href":"https:\/\/api.w.org\/{rel}","templated":true}]}}