{"id":32346,"date":"2019-09-19T11:42:14","date_gmt":"2019-09-19T16:42:14","guid":{"rendered":"http:\/\/www.revistazetta.com\/?p=32346"},"modified":"2019-09-19T11:42:14","modified_gmt":"2019-09-19T16:42:14","slug":"cinco-proponentes-aspiran-reparar-30-instituciones-educativas","status":"publish","type":"post","link":"https:\/\/revistazetta.com\/?p=32346","title":{"rendered":"Cinco proponentes aspiran reparar 30 instituciones educativas"},"content":{"rendered":"<p>Con la presentaci\u00f3n de 5 oferentes se cerr\u00f3 hoy licitaci\u00f3n para el mantenimiento, adecuaci\u00f3n y reparaci\u00f3n de infraestructura educativa de 30 planteles educativos en la ciudad. El 3 de octubre, a las 9:00 a.m. ser\u00e1 la audiencia p\u00fablica de adjudicaci\u00f3n.<\/p>\n<p>El valor del proceso es de $3.037 millones.<\/p>\n<p>Al cierre del proceso se presentaron 5 proponentes:<\/p>\n<p>Uni\u00f3n Temporal Colegios Heroicos 2019<br \/>\nRepresentante Legal: Juan Carlos Velasco Kasimir<\/p>\n<p>Consorcio Distrital Cartagena 2019<br \/>\nRepresentante Legal: Ricardo Jos\u00e9 Mart\u00ednez Garc\u00eda<\/p>\n<p>Consorcio I.E. Cartagena 2019<br \/>\nRepresentante Legal: Jorge Eliecer Espitia Cogollo<\/p>\n<p>Consorcio Colegios 20X9<br \/>\nRepresentante Legal: Gustavo Cardona Vergara<\/p>\n<p>Consorcio D&amp;N<br \/>\nRepresentante Legal: Luis Fernando Orozco Zammatam.<\/p>\n<p>Colegios que ser\u00e1n intervenidos:<\/p>\n<p>1. I.E. Coraz\u00f3n de Mar\u00eda, sede Principal y dos sedes<br \/>\n2. I.E. Nuestra Se\u00f1ora del Buen Aire<br \/>\n3. I.E. Oficial Ararca<br \/>\n4. I.E. Santa Mar\u00eda, sede Principal<br \/>\n5. I.E. Promoci\u00f3n Social (Bachillerato)<br \/>\n6. I.E. Promoci\u00f3n Social (Primaria)<br \/>\n7. I.E. Soledad Rom\u00e1n de N\u00fa\u00f1ez, sede Zaragocilla<br \/>\n8. I.E. Casd Manuela Beltr\u00e1n<br \/>\n9. I.E. Soledad Rom\u00e1n de N\u00fa\u00f1ez sede Victoria Pautt<br \/>\n10. I.E. Omaira S\u00e1nchez<br \/>\n11. I.E. Jard\u00edn Infantil Los Caracoles<br \/>\n12. I.E. Inem<br \/>\n13. I.E. San Lucas<br \/>\n14.I.E. Ternera<br \/>\n15. I.E. Luis Carlos Gal\u00e1n Sarmiento, sede El Poz\u00f3n<br \/>\n15. I.E. Sal\u00edn Bechara<br \/>\n17. I.E. Fe Y Alegr\u00eda El Progreso<br \/>\n18. I.E. La Libertad El Poz\u00f3n<br \/>\n19. I.E. Luis Carlos L\u00f3pez<br \/>\n20. I.E. Nuestro Esfuerzo<br \/>\n21. I.E. Fe y Alegr\u00eda El Reposo<br \/>\n22. I.E. Antonio Nari\u00f1o, sede principal<br \/>\n23. I.E. Fern\u00e1ndez Baena, Preescolar<br \/>\n24. I.E. Coraz\u00f3n de Mar\u00eda, sede L\u00e1zaro Mart\u00ednez Olier<br \/>\n25. I.E. I.E. San Juan de Damasco, sede Nuestra Se\u00f1ora Del Rosario<br \/>\n26. I.E. Promoci\u00f3n Social, sede Jorge Eliecer Gait\u00e1n<br \/>\n27. I.E. Pedro De Heredia Sede La Victoria<br \/>\n28. I. E. T\u00e9cnica La Boquilla<br \/>\n29. I.E. Madre Laura Sede Madre Laura<br \/>\n30. I.E. La Milagrosa<br \/>\nComunicado 623<\/p>\n","protected":false},"excerpt":{"rendered":"<p>Con la presentaci\u00f3n de 5 oferentes se cerr\u00f3 hoy licitaci\u00f3n para el mantenimiento, adecuaci\u00f3n y reparaci\u00f3n de infraestructura educativa de 30 planteles educativos en la ciudad. El 3 de octubre, a las 9:00 a.m. ser\u00e1 la audiencia p\u00fablica de adjudicaci\u00f3n. El valor del proceso es de $3.037 millones. Al cierre del proceso se presentaron 5 proponentes: Uni\u00f3n Temporal Colegios Heroicos 2019 Representante Legal: Juan Carlos Velasco Kasimir Consorcio Distrital Cartagena 2019 Representante Legal: Ricardo Jos\u00e9 Mart\u00ednez Garc\u00eda Consorcio I.E. Cartagena 2019 Representante Legal: Jorge Eliecer Espitia Cogollo Consorcio Colegios 20X9&#8230; <\/p>\n","protected":false},"author":3,"featured_media":32347,"comment_status":"open","ping_status":"closed","sticky":false,"template":"","format":"standard","meta":{"footnotes":"","_links_to":"","_links_to_target":""},"categories":[75,32],"tags":[],"class_list":["post-32346","post","type-post","status-publish","format-standard","has-post-thumbnail","hentry","category-destacada","category-actualidad-distrito"],"_links":{"self":[{"href":"https:\/\/revistazetta.com\/index.php?rest_route=\/wp\/v2\/posts\/32346","targetHints":{"allow":["GET"]}}],"collection":[{"href":"https:\/\/revistazetta.com\/index.php?rest_route=\/wp\/v2\/posts"}],"about":[{"href":"https:\/\/revistazetta.com\/index.php?rest_route=\/wp\/v2\/types\/post"}],"author":[{"embeddable":true,"href":"https:\/\/revistazetta.com\/index.php?rest_route=\/wp\/v2\/users\/3"}],"replies":[{"embeddable":true,"href":"https:\/\/revistazetta.com\/index.php?rest_route=%2Fwp%2Fv2%2Fcomments&post=32346"}],"version-history":[{"count":0,"href":"https:\/\/revistazetta.com\/index.php?rest_route=\/wp\/v2\/posts\/32346\/revisions"}],"wp:featuredmedia":[{"embeddable":true,"href":"https:\/\/revistazetta.com\/index.php?rest_route=\/wp\/v2\/media\/32347"}],"wp:attachment":[{"href":"https:\/\/revistazetta.com\/index.php?rest_route=%2Fwp%2Fv2%2Fmedia&parent=32346"}],"wp:term":[{"taxonomy":"category","embeddable":true,"href":"https:\/\/revistazetta.com\/index.php?rest_route=%2Fwp%2Fv2%2Fcategories&post=32346"},{"taxonomy":"post_tag","embeddable":true,"href":"https:\/\/revistazetta.com\/index.php?rest_route=%2Fwp%2Fv2%2Ftags&post=32346"}],"curies":[{"name":"wp","href":"https:\/\/api.w.org\/{rel}","templated":true}]}}