{"id":32357,"date":"2019-09-20T06:18:24","date_gmt":"2019-09-20T11:18:24","guid":{"rendered":"http:\/\/www.revistazetta.com\/?p=32357"},"modified":"2019-09-20T06:18:24","modified_gmt":"2019-09-20T11:18:24","slug":"sergio-modernizara-las-instituciones-educativas-del-distrito","status":"publish","type":"post","link":"https:\/\/revistazetta.com\/?p=32357","title":{"rendered":"Sergio modernizar\u00e1 las instituciones educativas del Distrito"},"content":{"rendered":"<p>En medio de su participaci\u00f3n en los debates organizados por las instituciones de educaci\u00f3n superior de la ciudad, el candidato por el partido Colombia Renaciente hace un recuento de las iniciativas con las que a partir del 2020 fortalecer\u00e1 la educaci\u00f3n en el Distrito.<\/p>\n<p>El cartagenero explica que \u201cla crisis pol\u00edtico administrativa lleg\u00f3 tambi\u00e9n a las escuelas oficiales de Cartagena, reflej\u00e1ndose en instituciones en total abandono y descuido. Estos no son los espacios en que los ni\u00f1os y j\u00f3venes cartageneros merecen aprender. En el 2020 iniciaremos la modernizaci\u00f3n y el impulso a la educaci\u00f3n con las obras que tanto hemos esperado\u201d.<\/p>\n<p>Londo\u00f1o propone darle un alto a la desmejora del Programa de Alimentaci\u00f3n Escolar, gestionar la actualizaci\u00f3n del Plan Maestro Educativo con la participaci\u00f3n de maestros, directivos y estudiantes. As\u00ed mismo impulsar\u00e1 los programas de biling\u00fcismo, los talleres de Educaci\u00f3n Media para el Desarrollo para alumnos de 9\u00ba, 10\u00ba y 11\u00ba y los procesos de autoevaluaci\u00f3n.<\/p>\n<p>\u201cNecesitamos ambientes educativos que propicien la innovaci\u00f3n y el aprendizaje para garantizar la permanencia de nuestros ni\u00f1os en el sistema educativo. No podemos seguir viendo c\u00f3mo nuestras escuelas se caen casi que sobre los alumnos. Yo creo en una Cartagena de oportunidades para todos, para maestros que contin\u00faan su formaci\u00f3n becados y para estudiantes orgullosos de sus escuelas\u201d.<\/p>\n<p>&nbsp;<\/p>\n","protected":false},"excerpt":{"rendered":"<p>En medio de su participaci\u00f3n en los debates organizados por las instituciones de educaci\u00f3n superior de la ciudad, el candidato por el partido Colombia Renaciente hace un recuento de las iniciativas con las que a partir del 2020 fortalecer\u00e1 la educaci\u00f3n en el Distrito. El cartagenero explica que \u201cla crisis pol\u00edtico administrativa lleg\u00f3 tambi\u00e9n a las escuelas oficiales de Cartagena, reflej\u00e1ndose en instituciones en total abandono y descuido. Estos no son los espacios en que los ni\u00f1os y j\u00f3venes cartageneros merecen aprender. En el 2020 iniciaremos la modernizaci\u00f3n y el&#8230; <\/p>\n","protected":false},"author":3,"featured_media":32358,"comment_status":"open","ping_status":"closed","sticky":false,"template":"","format":"standard","meta":{"footnotes":"","_links_to":"","_links_to_target":""},"categories":[75],"tags":[],"class_list":["post-32357","post","type-post","status-publish","format-standard","has-post-thumbnail","hentry","category-destacada"],"_links":{"self":[{"href":"https:\/\/revistazetta.com\/index.php?rest_route=\/wp\/v2\/posts\/32357","targetHints":{"allow":["GET"]}}],"collection":[{"href":"https:\/\/revistazetta.com\/index.php?rest_route=\/wp\/v2\/posts"}],"about":[{"href":"https:\/\/revistazetta.com\/index.php?rest_route=\/wp\/v2\/types\/post"}],"author":[{"embeddable":true,"href":"https:\/\/revistazetta.com\/index.php?rest_route=\/wp\/v2\/users\/3"}],"replies":[{"embeddable":true,"href":"https:\/\/revistazetta.com\/index.php?rest_route=%2Fwp%2Fv2%2Fcomments&post=32357"}],"version-history":[{"count":0,"href":"https:\/\/revistazetta.com\/index.php?rest_route=\/wp\/v2\/posts\/32357\/revisions"}],"wp:featuredmedia":[{"embeddable":true,"href":"https:\/\/revistazetta.com\/index.php?rest_route=\/wp\/v2\/media\/32358"}],"wp:attachment":[{"href":"https:\/\/revistazetta.com\/index.php?rest_route=%2Fwp%2Fv2%2Fmedia&parent=32357"}],"wp:term":[{"taxonomy":"category","embeddable":true,"href":"https:\/\/revistazetta.com\/index.php?rest_route=%2Fwp%2Fv2%2Fcategories&post=32357"},{"taxonomy":"post_tag","embeddable":true,"href":"https:\/\/revistazetta.com\/index.php?rest_route=%2Fwp%2Fv2%2Ftags&post=32357"}],"curies":[{"name":"wp","href":"https:\/\/api.w.org\/{rel}","templated":true}]}}