{"id":3237,"date":"2014-10-07T14:51:29","date_gmt":"2014-10-07T19:51:29","guid":{"rendered":"http:\/\/www.revistazetta.com\/?p=3237"},"modified":"2014-10-07T14:51:29","modified_gmt":"2014-10-07T19:51:29","slug":"david-dager-un-honor-mas-un-candidato-menos-analisis-de-john-zamora","status":"publish","type":"post","link":"https:\/\/revistazetta.com\/?p=3237","title":{"rendered":"David D\u00e1ger: un honor m\u00e1s, un candidato menos (An\u00e1lisis de John Zamora)"},"content":{"rendered":"<p><span style=\"line-height: 1.5em;\">Desde 1995 el Concejo de Cartagena ha tenido una curul marcada con el nombre de David D\u00e1ger Lequerica, a nombre del Partido Liberal. Ha sido presidente en 2001 y 2009, as\u00ed que las funciones del cargo las conoce, lo mismo que todo el andamiaje de la Corporaci\u00f3n.<\/span><\/p>\n<p>Y vuelve a ser presidente sin despeinarse. El honor le lleg\u00f3 con tranquilidad y sin resistencia. Su nombre estaba en el \u201ctop of mind\u201d y apenas fue mencionado, se abri\u00f3 paso lubricadamente. Su experiencia ofrece garant\u00edas a todas las bancadas, y eso es lo que se espera en el \u00faltimo a\u00f1o del periodo para el que fueron elegidos, que coincide con el a\u00f1o electoral.<\/p>\n<p>Si lo eligieron por consenso es por que le creyeron cuando dijo que ser\u00eda su \u00faltimo periodo y que no volver\u00eda a aspirar al Concejo; y tambi\u00e9n cuando dijo que no ser\u00e1 candidato a la Alcald\u00eda.<\/p>\n<p>Si otras fueran las razones, tal vez no estuviera elegido. Por ejemplo, cuando muchos de sus colegas esperaban su voto para la famosa moci\u00f3n de censura a la Secretaria de Planeaci\u00f3n, sorprendi\u00f3 \u201cperdon\u00e1ndola\u201d. Aunque hubo mayor\u00eda no fue la suficiente para apartarla del cargo.<\/p>\n<p>Ese gesto y varios otros confirmaron la teor\u00eda que le atribuye una relaci\u00f3n muy cercana con el alcalde Dionisio V\u00e9lez, tal vez por su incre\u00edble capacidad para comprender a la Administraci\u00f3n distrital actual.<\/p>\n<p>Sin embargo, los a\u00f1os de experiencia han jugado a su favor para limar asperezas y denotar que hay cosas m\u00e1s importantes que los episodios coyunturales: recordar que no ser\u00e1 competencia ni para concejales ni para candidatos a la Alcald\u00eda, y eso es bastante.. aunque relativo. (Su grupo llevar\u00e1 candidato a Concejo).<\/p>\n<p>D\u00e1ger debe admitir que lo de la Alcald\u00eda le son\u00f3 en alg\u00fan momento\u2026 y de pronto le sigue sonando\u2026 lo que sucede es que los \u201castros no est\u00e1n alineados\u201d\u2026 por una parte, desde el Concejo ha surgido con fortaleza la candidatura de su gran amigo Quinto Guerra desde hace m\u00e1s de un a\u00f1o, y eso es ventaja; por otra parte, su grupo pol\u00edtico en el partido Liberal tiene la expectativa de ganar la Gobernaci\u00f3n de Bol\u00edvar con Dumek Turbay, y eso es incompatible con una posibilidad a Alcald\u00eda, ya que nadie querr\u00e1 que el mismo grupo se alce con ambos gallardetes.<\/p>\n<p>Lo cierto es que es un hecho pol\u00edtico su elecci\u00f3n, y que desde el primer d\u00eda de enero pr\u00f3ximo ejercer\u00e1 como Presidente del Concejo de Cartagena, en su \u00faltimo a\u00f1o como concejal\u2026 a no ser que se arrepienta y vuelva a postularse para un nuevo periodo, o sorprenda con una candidatura a la Alcald\u00eda\u2026 al fin y al cabo estamos en Cartagena, la fant\u00e1stica.<\/p>\n<p>&nbsp;<\/p>\n","protected":false},"excerpt":{"rendered":"<p>Desde 1995 el Concejo de Cartagena ha tenido una curul marcada con el nombre de David D\u00e1ger Lequerica, a nombre del Partido Liberal. Ha sido presidente en 2001 y 2009, as\u00ed que las funciones del cargo las conoce, lo mismo que todo el andamiaje de la Corporaci\u00f3n. Y vuelve a ser presidente sin despeinarse. El honor le lleg\u00f3 con tranquilidad y sin resistencia. Su nombre estaba en el \u201ctop of mind\u201d y apenas fue mencionado, se abri\u00f3 paso lubricadamente. Su experiencia ofrece garant\u00edas a todas las bancadas, y eso es&#8230; <\/p>\n","protected":false},"author":3,"featured_media":3239,"comment_status":"closed","ping_status":"closed","sticky":false,"template":"","format":"standard","meta":{"footnotes":"","_links_to":"","_links_to_target":""},"categories":[66,44],"tags":[],"class_list":["post-3237","post","type-post","status-publish","format-standard","has-post-thumbnail","hentry","category-analisis","category-materiagris"],"_links":{"self":[{"href":"https:\/\/revistazetta.com\/index.php?rest_route=\/wp\/v2\/posts\/3237","targetHints":{"allow":["GET"]}}],"collection":[{"href":"https:\/\/revistazetta.com\/index.php?rest_route=\/wp\/v2\/posts"}],"about":[{"href":"https:\/\/revistazetta.com\/index.php?rest_route=\/wp\/v2\/types\/post"}],"author":[{"embeddable":true,"href":"https:\/\/revistazetta.com\/index.php?rest_route=\/wp\/v2\/users\/3"}],"replies":[{"embeddable":true,"href":"https:\/\/revistazetta.com\/index.php?rest_route=%2Fwp%2Fv2%2Fcomments&post=3237"}],"version-history":[{"count":0,"href":"https:\/\/revistazetta.com\/index.php?rest_route=\/wp\/v2\/posts\/3237\/revisions"}],"wp:featuredmedia":[{"embeddable":true,"href":"https:\/\/revistazetta.com\/index.php?rest_route=\/wp\/v2\/media\/3239"}],"wp:attachment":[{"href":"https:\/\/revistazetta.com\/index.php?rest_route=%2Fwp%2Fv2%2Fmedia&parent=3237"}],"wp:term":[{"taxonomy":"category","embeddable":true,"href":"https:\/\/revistazetta.com\/index.php?rest_route=%2Fwp%2Fv2%2Fcategories&post=3237"},{"taxonomy":"post_tag","embeddable":true,"href":"https:\/\/revistazetta.com\/index.php?rest_route=%2Fwp%2Fv2%2Ftags&post=3237"}],"curies":[{"name":"wp","href":"https:\/\/api.w.org\/{rel}","templated":true}]}}