{"id":32544,"date":"2019-09-27T09:25:49","date_gmt":"2019-09-27T14:25:49","guid":{"rendered":"http:\/\/www.revistazetta.com\/?p=32544"},"modified":"2019-09-27T09:25:49","modified_gmt":"2019-09-27T14:25:49","slug":"concejal-oscar-marin-lamenta-deceso-rodrigo-obregon","status":"publish","type":"post","link":"https:\/\/revistazetta.com\/?p=32544","title":{"rendered":"Concejal \u00d3scar Mar\u00edn lamenta deceso de Rodrigo Obreg\u00f3n"},"content":{"rendered":"<p>Hace pocos d\u00edas el Concejo de Cartagena aprob\u00f3 el proyecto de acuerdo donde el Distrito crea la Casa Museo Alejandro Obreg\u00f3n, motivo de celebraci\u00f3n en el \u00e1mbito cultural, y la \u00faltima aventura del actor Rodrigo Obreg\u00f3n, quien falleci\u00f3 esta semana en Barranquilla.<\/p>\n<p>Ese proyecto de acuerdo fue presentado por el concejal \u00d3scar Mar\u00edn, a quien Rodrigo Obreg\u00f3n le habl\u00f3 de la importancia de sostener en alto la obra y el nombre de su padre, el pintor Alejandro Obreg\u00f3n.<\/p>\n<p>\u00abTuve la oportunidad de compartir con Rodrigo Obreg\u00f3n para sacar adelante en el Concejo de Cartagena el proyecto que es ahora una realidad, la Casa Museo Alejandro Obreg\u00f3n, proyecto en el que trabajamos por el beneficio de la cultura, y al cual se dedic\u00f3 Rodrigo los \u00faltimos a\u00f1os para prolongar el legado de su padre\u00bb, dijo Mar\u00edn Villalba en sus redes sociales.<\/p>\n<p>El concejal expres\u00f3 con pesar que \u00abhoy son sentimientos encontrados los que albergan mi coraz\u00f3n, una tristeza. enorme por la partida de Rodrigo Obreg\u00f3n, pero a la vez la dicha y la satisfacci\u00f3n de haberle podido dar la alegr\u00eda de crear la Casa Museo Alejandro Obreg\u00f3n en honor a su padre\u00bb.<\/p>\n<p>&nbsp;<\/p>\n","protected":false},"excerpt":{"rendered":"<p>Hace pocos d\u00edas el Concejo de Cartagena aprob\u00f3 el proyecto de acuerdo donde el Distrito crea la Casa Museo Alejandro Obreg\u00f3n, motivo de celebraci\u00f3n en el \u00e1mbito cultural, y la \u00faltima aventura del actor Rodrigo Obreg\u00f3n, quien falleci\u00f3 esta semana en Barranquilla. Ese proyecto de acuerdo fue presentado por el concejal \u00d3scar Mar\u00edn, a quien Rodrigo Obreg\u00f3n le habl\u00f3 de la importancia de sostener en alto la obra y el nombre de su padre, el pintor Alejandro Obreg\u00f3n. \u00abTuve la oportunidad de compartir con Rodrigo Obreg\u00f3n para sacar adelante en&#8230; <\/p>\n","protected":false},"author":3,"featured_media":32545,"comment_status":"open","ping_status":"closed","sticky":false,"template":"","format":"standard","meta":{"footnotes":"","_links_to":"","_links_to_target":""},"categories":[75,4],"tags":[],"class_list":["post-32544","post","type-post","status-publish","format-standard","has-post-thumbnail","hentry","category-destacada","category-politica"],"_links":{"self":[{"href":"https:\/\/revistazetta.com\/index.php?rest_route=\/wp\/v2\/posts\/32544","targetHints":{"allow":["GET"]}}],"collection":[{"href":"https:\/\/revistazetta.com\/index.php?rest_route=\/wp\/v2\/posts"}],"about":[{"href":"https:\/\/revistazetta.com\/index.php?rest_route=\/wp\/v2\/types\/post"}],"author":[{"embeddable":true,"href":"https:\/\/revistazetta.com\/index.php?rest_route=\/wp\/v2\/users\/3"}],"replies":[{"embeddable":true,"href":"https:\/\/revistazetta.com\/index.php?rest_route=%2Fwp%2Fv2%2Fcomments&post=32544"}],"version-history":[{"count":0,"href":"https:\/\/revistazetta.com\/index.php?rest_route=\/wp\/v2\/posts\/32544\/revisions"}],"wp:featuredmedia":[{"embeddable":true,"href":"https:\/\/revistazetta.com\/index.php?rest_route=\/wp\/v2\/media\/32545"}],"wp:attachment":[{"href":"https:\/\/revistazetta.com\/index.php?rest_route=%2Fwp%2Fv2%2Fmedia&parent=32544"}],"wp:term":[{"taxonomy":"category","embeddable":true,"href":"https:\/\/revistazetta.com\/index.php?rest_route=%2Fwp%2Fv2%2Fcategories&post=32544"},{"taxonomy":"post_tag","embeddable":true,"href":"https:\/\/revistazetta.com\/index.php?rest_route=%2Fwp%2Fv2%2Ftags&post=32544"}],"curies":[{"name":"wp","href":"https:\/\/api.w.org\/{rel}","templated":true}]}}