{"id":32548,"date":"2019-09-29T19:29:28","date_gmt":"2019-09-30T00:29:28","guid":{"rendered":"http:\/\/www.revistazetta.com\/?p=32548"},"modified":"2019-09-29T19:29:28","modified_gmt":"2019-09-30T00:29:28","slug":"aprobado-acuerdo-politica-equidad-genero-la-mujer","status":"publish","type":"post","link":"https:\/\/revistazetta.com\/?p=32548","title":{"rendered":"Aprobado acuerdo de pol\u00edtica de equidad de g\u00e9nero para la Mujer"},"content":{"rendered":"<p>En la jornada de clausura del m\u00e1s reciente per\u00edodo de sesiones extraordinarias, el Concejo distrital aprob\u00f3 el proyecto que busca crear la pol\u00edtica para la igualdad de g\u00e9nero en la ciudad, iniciativa presentada por Cesar Pi\u00f3n.<\/p>\n<p>El proyecto contempla, entre otras cosas, garantizar los derechos de la mujer en aspectos como el laboral, educativo, social y cultural, adem\u00e1s de la posibilidad de crear la secretar\u00eda de la mujer.<\/p>\n<p>\u00abMuy agradecido con este Concejo por la aprobaci\u00f3n de este proyecto. Es una herramienta que tendr\u00e1 el Alcalde para actualizar la normatividad para velar por los derechos de las mujeres que durante a\u00f1os se han visto excluidas por diversas circunstancias\u00bb se\u00f1al\u00f3 Pi\u00f3n.<\/p>\n<p>La aprobaci\u00f3n del proyecto fue agradecida delegados de la Alcald\u00eda quienes se comprometieron a trabajar en la implementaci\u00f3n del mismo.<\/p>\n<p>&nbsp;<\/p>\n","protected":false},"excerpt":{"rendered":"<p>En la jornada de clausura del m\u00e1s reciente per\u00edodo de sesiones extraordinarias, el Concejo distrital aprob\u00f3 el proyecto que busca crear la pol\u00edtica para la igualdad de g\u00e9nero en la ciudad, iniciativa presentada por Cesar Pi\u00f3n. El proyecto contempla, entre otras cosas, garantizar los derechos de la mujer en aspectos como el laboral, educativo, social y cultural, adem\u00e1s de la posibilidad de crear la secretar\u00eda de la mujer. \u00abMuy agradecido con este Concejo por la aprobaci\u00f3n de este proyecto. Es una herramienta que tendr\u00e1 el Alcalde para actualizar la normatividad&#8230; <\/p>\n","protected":false},"author":3,"featured_media":32550,"comment_status":"open","ping_status":"closed","sticky":false,"template":"","format":"standard","meta":{"footnotes":"","_links_to":"","_links_to_target":""},"categories":[75],"tags":[],"class_list":["post-32548","post","type-post","status-publish","format-standard","has-post-thumbnail","hentry","category-destacada"],"_links":{"self":[{"href":"https:\/\/revistazetta.com\/index.php?rest_route=\/wp\/v2\/posts\/32548","targetHints":{"allow":["GET"]}}],"collection":[{"href":"https:\/\/revistazetta.com\/index.php?rest_route=\/wp\/v2\/posts"}],"about":[{"href":"https:\/\/revistazetta.com\/index.php?rest_route=\/wp\/v2\/types\/post"}],"author":[{"embeddable":true,"href":"https:\/\/revistazetta.com\/index.php?rest_route=\/wp\/v2\/users\/3"}],"replies":[{"embeddable":true,"href":"https:\/\/revistazetta.com\/index.php?rest_route=%2Fwp%2Fv2%2Fcomments&post=32548"}],"version-history":[{"count":0,"href":"https:\/\/revistazetta.com\/index.php?rest_route=\/wp\/v2\/posts\/32548\/revisions"}],"wp:featuredmedia":[{"embeddable":true,"href":"https:\/\/revistazetta.com\/index.php?rest_route=\/wp\/v2\/media\/32550"}],"wp:attachment":[{"href":"https:\/\/revistazetta.com\/index.php?rest_route=%2Fwp%2Fv2%2Fmedia&parent=32548"}],"wp:term":[{"taxonomy":"category","embeddable":true,"href":"https:\/\/revistazetta.com\/index.php?rest_route=%2Fwp%2Fv2%2Fcategories&post=32548"},{"taxonomy":"post_tag","embeddable":true,"href":"https:\/\/revistazetta.com\/index.php?rest_route=%2Fwp%2Fv2%2Ftags&post=32548"}],"curies":[{"name":"wp","href":"https:\/\/api.w.org\/{rel}","templated":true}]}}