{"id":32551,"date":"2019-09-29T22:24:44","date_gmt":"2019-09-30T03:24:44","guid":{"rendered":"http:\/\/www.revistazetta.com\/?p=32551"},"modified":"2019-09-29T22:24:44","modified_gmt":"2019-09-30T03:24:44","slug":"angelica-hodeg-respalda-reeleccion-duvinia-torres-concejo","status":"publish","type":"post","link":"https:\/\/revistazetta.com\/?p=32551","title":{"rendered":"Ang\u00e9lica Hodeg respalda reelecci\u00f3n de Duvinia Torres en el Concejo"},"content":{"rendered":"<p>La concejal Ang\u00e9lica Hodeg confirm\u00f3 que no buscar\u00e1 la reelecci\u00f3n sino respaldar\u00e1 la continuidad de Duvinia Torres Cohen.<\/p>\n<p>Las dos concejales conforman la bandada femenina del Concejo y se mostraron optimistas por el trabajo pol\u00edtico que adelantar\u00e1n en equipo.<\/p>\n<p>En entrevista con John Zamora, director de Revista Zetta, Hodeg dijo que decidi\u00f3 apoyar a Torres porque se identifican en la defensa de la familia, la mujer, la infancia, la educaci\u00f3n y la inversi\u00f3n social, y ello la motiv\u00f3 a sellar esta alianza.<\/p>\n<p>Torres expres\u00f3 que con la experiencia y el equipo de Hodeg podr\u00e1 avanzar desde el Concejo en el liderazgo de esos temas as\u00ed como en la concreci\u00f3n de proyectos para la ciudad como la terminaci\u00f3n de la v\u00eda Perimetral, la Quinta Avenida de Manga el control pol\u00edtico para que el pr\u00f3ximo plan de desarrollo se cumpla dentro de sus coronogramas e indicadores.<\/p>\n<p>&nbsp;<\/p>\n","protected":false},"excerpt":{"rendered":"<p>La concejal Ang\u00e9lica Hodeg confirm\u00f3 que no buscar\u00e1 la reelecci\u00f3n sino respaldar\u00e1 la continuidad de Duvinia Torres Cohen. Las dos concejales conforman la bandada femenina del Concejo y se mostraron optimistas por el trabajo pol\u00edtico que adelantar\u00e1n en equipo. En entrevista con John Zamora, director de Revista Zetta, Hodeg dijo que decidi\u00f3 apoyar a Torres porque se identifican en la defensa de la familia, la mujer, la infancia, la educaci\u00f3n y la inversi\u00f3n social, y ello la motiv\u00f3 a sellar esta alianza. Torres expres\u00f3 que con la experiencia y el&#8230; <\/p>\n","protected":false},"author":3,"featured_media":32552,"comment_status":"open","ping_status":"closed","sticky":false,"template":"","format":"standard","meta":{"footnotes":"","_links_to":"","_links_to_target":""},"categories":[75,27,4],"tags":[],"class_list":["post-32551","post","type-post","status-publish","format-standard","has-post-thumbnail","hentry","category-destacada","category-politicaconcejo","category-politica"],"_links":{"self":[{"href":"https:\/\/revistazetta.com\/index.php?rest_route=\/wp\/v2\/posts\/32551","targetHints":{"allow":["GET"]}}],"collection":[{"href":"https:\/\/revistazetta.com\/index.php?rest_route=\/wp\/v2\/posts"}],"about":[{"href":"https:\/\/revistazetta.com\/index.php?rest_route=\/wp\/v2\/types\/post"}],"author":[{"embeddable":true,"href":"https:\/\/revistazetta.com\/index.php?rest_route=\/wp\/v2\/users\/3"}],"replies":[{"embeddable":true,"href":"https:\/\/revistazetta.com\/index.php?rest_route=%2Fwp%2Fv2%2Fcomments&post=32551"}],"version-history":[{"count":0,"href":"https:\/\/revistazetta.com\/index.php?rest_route=\/wp\/v2\/posts\/32551\/revisions"}],"wp:featuredmedia":[{"embeddable":true,"href":"https:\/\/revistazetta.com\/index.php?rest_route=\/wp\/v2\/media\/32552"}],"wp:attachment":[{"href":"https:\/\/revistazetta.com\/index.php?rest_route=%2Fwp%2Fv2%2Fmedia&parent=32551"}],"wp:term":[{"taxonomy":"category","embeddable":true,"href":"https:\/\/revistazetta.com\/index.php?rest_route=%2Fwp%2Fv2%2Fcategories&post=32551"},{"taxonomy":"post_tag","embeddable":true,"href":"https:\/\/revistazetta.com\/index.php?rest_route=%2Fwp%2Fv2%2Ftags&post=32551"}],"curies":[{"name":"wp","href":"https:\/\/api.w.org\/{rel}","templated":true}]}}