{"id":32554,"date":"2019-09-29T23:22:18","date_gmt":"2019-09-30T04:22:18","guid":{"rendered":"http:\/\/www.revistazetta.com\/?p=32554"},"modified":"2019-09-29T23:22:18","modified_gmt":"2019-09-30T04:22:18","slug":"coherencia-disciplina-opinion-juan-camilo-romero","status":"publish","type":"post","link":"https:\/\/revistazetta.com\/?p=32554","title":{"rendered":"Coherencia y disciplina &#8211; Opini\u00f3n de Juan Camilo Romero"},"content":{"rendered":"<p><span style=\"color: #000080;\"><strong>Por Juan Camilo Romero (Especial para Revista Zetta).-<\/strong><\/span> \u00a0Desde que sent\u00ed gusto por el ejercicio pol\u00edtico y gracias a la gu\u00eda de mi padre, aun cuando mi madre y mi abuelo materno eran militantes del Partido Conservador, decid\u00ed formarme ideol\u00f3gicamente en las toldas del Partido Liberal Colombiano.<\/p>\n<p>En mis a\u00f1os de estudiante de la Universidad Libre, tuve la oportunidad de conocer al ex gobernador de Bol\u00edvar Luis Daniel Vargas S\u00e1nchez, quien me recibi\u00f3 en su grupo pol\u00edtico, abri\u00e9ndome las puertas no solo de su movimiento, sino de su familia, recibiendo un trato digno donde los espacios de formaci\u00f3n eran constantes.<\/p>\n<p>De la mano del Dr. Vargas tuve la oportunidad de recorrer el departamento de bol\u00edvar, de ah\u00ed naci\u00f3 una amistad que al d\u00eda de hoy se mantiene, muy a pesar de las diferencias de tipo pol\u00edtico que en el pasado tuvimos.<\/p>\n<p>Luis Daniel Vargas ha mostrado templanza y car\u00e1cter ante la adversidad, puesto que en los momentos m\u00e1s dif\u00edciles de su carrera pol\u00edtica asumi\u00f3 que deb\u00eda prepararse para los retos que la vida ven\u00eda planteando, es por eso que sigui\u00f3 form\u00e1ndose acad\u00e9micamente a tal punto que hoy d\u00eda ostenta el t\u00edtulo de Doctor en ciencias de la educaci\u00f3n de la Universidad de Cartagena.<\/p>\n<p>Actualmente es candidato a la Gobernaci\u00f3n de Bol\u00edvar por el Partido Colombia Renaciente, esperaba ser avalado por el Partido Liberal Colombiano, pero la dirigencia Liberal de Bol\u00edvar le neg\u00f3 tal oportunidad. En su momento escrib\u00ed una columna que fue publicada en este medio, llamada Abdicaci\u00f3n Liberal, donde advert\u00eda que el Partido en Bol\u00edvar no avalar\u00eda a ninguno de los precandidatos que hab\u00edan solicitado aval y que por el contrario apoyar\u00edan a un candidato que a mi juicio no tiene la experiencia, la independencia y el car\u00e1cter suficiente para \u00a0regir los destinos de bol\u00edvar, m\u00e1s temprano que tarde los \u00faltimos acontecimientos han mostrado que no estaba equivocado, y que tampoco estaba irrespetando a la honorable dirigencia departamental del Partido Liberal en Bol\u00edvar. La cual me respondi\u00f3 mediante un comunicado plagado de falacias ad hominen, donde entre otras cosas dijeron que dicho escrito hab\u00eda sido realizado a cuatro manos, desconociendo que mi criterio es producto de mi formaci\u00f3n acad\u00e9mica profesional y pol\u00edtica.<\/p>\n<p>En virtud de ser coherente con mis principios ideol\u00f3gicos y siendo disciplinado con mis sentimientos, \u00a0anuncio p\u00fablicamente que votar\u00e9 por Luis Daniel Vargas S\u00e1nchez a la Gobernaci\u00f3n de Bol\u00edvar, invito adem\u00e1s a todos mis amigos y lectores a revisar su plan de gobierno y votar por su propuesta el pr\u00f3ximo 27 de octubre.<\/p>\n<p>Bol\u00edvar necesita un Gobernador con criterio propio, independencia, formaci\u00f3n acad\u00e9mica, experiencia en lo p\u00fablico y sobre todo conocimiento del territorio, esas cualidades las tiene Luis Daniel Vargas S\u00e1nchez.<\/p>\n<p>&nbsp;<\/p>\n<p>Adenda uno: Lamento profundamente el sensible fallecimiento de Luis Eduardo Vargas Moreno, a su esposa Gina V\u00e9lez, sus hijos Raul, Gina y Ver\u00f3nica, sus hermanos Ra\u00fal, Daniel y Amelia mis m\u00e1s sinceras condolencias.<\/p>\n<p>Adenda dos: a mis amigos que est\u00e1n en el ejercicio pol\u00edtico y se sienten incomodos con alguna candidatura, les regalo una frase que ha sido atribuida a Winston Churchill \u201cSe puede cambiar de partido por cuestiones de principios, pero no se puede cambiar de principios por cuestiones de partido\u201d<\/p>\n<p>&nbsp;<\/p>\n<p>&nbsp;<\/p>\n<p>&nbsp;<\/p>\n<p>&nbsp;<\/p>\n<p>&nbsp;<\/p>\n","protected":false},"excerpt":{"rendered":"<p>Por Juan Camilo Romero (Especial para Revista Zetta).- \u00a0Desde que sent\u00ed gusto por el ejercicio pol\u00edtico y gracias a la gu\u00eda de mi padre, aun cuando mi madre y mi abuelo materno eran militantes del Partido Conservador, decid\u00ed formarme ideol\u00f3gicamente en las toldas del Partido Liberal Colombiano. En mis a\u00f1os de estudiante de la Universidad Libre, tuve la oportunidad de conocer al ex gobernador de Bol\u00edvar Luis Daniel Vargas S\u00e1nchez, quien me recibi\u00f3 en su grupo pol\u00edtico, abri\u00e9ndome las puertas no solo de su movimiento, sino de su familia, recibiendo&#8230; <\/p>\n","protected":false},"author":3,"featured_media":32555,"comment_status":"open","ping_status":"closed","sticky":false,"template":"","format":"standard","meta":{"footnotes":"","_links_to":"","_links_to_target":""},"categories":[75,44,65],"tags":[],"class_list":["post-32554","post","type-post","status-publish","format-standard","has-post-thumbnail","hentry","category-destacada","category-materiagris","category-opinion"],"_links":{"self":[{"href":"https:\/\/revistazetta.com\/index.php?rest_route=\/wp\/v2\/posts\/32554","targetHints":{"allow":["GET"]}}],"collection":[{"href":"https:\/\/revistazetta.com\/index.php?rest_route=\/wp\/v2\/posts"}],"about":[{"href":"https:\/\/revistazetta.com\/index.php?rest_route=\/wp\/v2\/types\/post"}],"author":[{"embeddable":true,"href":"https:\/\/revistazetta.com\/index.php?rest_route=\/wp\/v2\/users\/3"}],"replies":[{"embeddable":true,"href":"https:\/\/revistazetta.com\/index.php?rest_route=%2Fwp%2Fv2%2Fcomments&post=32554"}],"version-history":[{"count":0,"href":"https:\/\/revistazetta.com\/index.php?rest_route=\/wp\/v2\/posts\/32554\/revisions"}],"wp:featuredmedia":[{"embeddable":true,"href":"https:\/\/revistazetta.com\/index.php?rest_route=\/wp\/v2\/media\/32555"}],"wp:attachment":[{"href":"https:\/\/revistazetta.com\/index.php?rest_route=%2Fwp%2Fv2%2Fmedia&parent=32554"}],"wp:term":[{"taxonomy":"category","embeddable":true,"href":"https:\/\/revistazetta.com\/index.php?rest_route=%2Fwp%2Fv2%2Fcategories&post=32554"},{"taxonomy":"post_tag","embeddable":true,"href":"https:\/\/revistazetta.com\/index.php?rest_route=%2Fwp%2Fv2%2Ftags&post=32554"}],"curies":[{"name":"wp","href":"https:\/\/api.w.org\/{rel}","templated":true}]}}