{"id":32563,"date":"2019-09-30T07:06:39","date_gmt":"2019-09-30T12:06:39","guid":{"rendered":"http:\/\/www.revistazetta.com\/?p=32563"},"modified":"2019-09-30T07:06:39","modified_gmt":"2019-09-30T12:06:39","slug":"termino-ruta-bolivar-luego-tres-etapas-victoriosos-pedalazos","status":"publish","type":"post","link":"https:\/\/revistazetta.com\/?p=32563","title":{"rendered":"Termin\u00f3 Ruta Soy Bol\u00edvar luego de tres etapas de victoriosos pedalazos"},"content":{"rendered":"<p>Los municipios de Mahates, Arroyohindo y Soplaviento fueron el escenario propicio para la marat\u00f3n de m\u00e1s de 500 ciclistas bolivarenses que recorrieron los territorios aleda\u00f1os al Canal del Dique. Prados, cultivos, ci\u00e9nagas y ganader\u00eda extensiva, sirvieron para el disfrute paisaj\u00edstico que hoy deja embelesados a los aficionados de esta disciplina deportiva en cabeza del gobernador Dumek Turbay Paz.<\/p>\n<p><img loading=\"lazy\" decoding=\"async\" class=\"size-medium wp-image-32565 aligncenter\" src=\"https:\/\/www.revistazetta.com\/wp-content\/uploads\/2019\/09\/Soy-3-300x200.jpg\" alt=\"\" width=\"300\" height=\"200\" \/><br \/>\nEl desarrollo de la conexi\u00f3n del Circuito Vial del Norte ha sido una de las grandes obras que deja el gobierno del Bol\u00edvar S\u00ed Avanza. Pero adem\u00e1s, queda demostrado que esta gran apuesta por el desarrollo y la transformaci\u00f3n a trav\u00e9s de la infraestructura de v\u00edas, no solo es una realidad, sino que con estas rutas tambi\u00e9n se demuestra que Bol\u00edvar hoy cuenta con m\u00e1s espacios id\u00f3neos para la integraci\u00f3n a trav\u00e9s del deporte.<br \/>\nEsta Ruta Soy Bol\u00edvar 3.1 abre un nuevo espectro para los aficionados al ciclismo. El gobernador Dumek Turbay, luego de esta jornada tan exitosa, manifest\u00f3 su inter\u00e9s para que este recorrido se desarrolle a\u00f1o tras a\u00f1o, de manera oficial para el deleite de todos los ciudadanos.<\/p>\n<p><img loading=\"lazy\" decoding=\"async\" class=\"size-medium wp-image-32567 aligncenter\" src=\"https:\/\/www.revistazetta.com\/wp-content\/uploads\/2019\/09\/Soy-5-300x200.jpg\" alt=\"\" width=\"300\" height=\"200\" \/><\/p>\n<p>\u201cYo sab\u00eda que esta actividad iba a ser un \u00e9xito. Todos los bolivarenses que han participado de este recorrido no conoc\u00edan estas v\u00edas y hoy me han manifestado su entusiasmo y admiraci\u00f3n para que este evento continu\u00e9. Estoy completamente seguro de que esta actividad deportiva va a trascender a lo largo del tiempo\u201d, expres\u00f3 Turbay Paz mientras enviaba un mensaje de agradecimiento a todos los participantes.<br \/>\nLos participantes convocados, llegaron a la conclusi\u00f3n de que en adelante esta debe ser una actividad deportiva obligatoria en el calendario de los ciclistas aficionados. Al finalizar, tambi\u00e9n se llevaron a cabo diversas rifas de bicicletas profesionales para competencias y accesorios e indumentaria deportiva para la pr\u00e1ctica sobre ruedas. La gran clausura se llev\u00f3 a cabo en la plaza principal del municipio de Mahates, lugar de partida y cierre del recorrido.<\/p>\n<p><img loading=\"lazy\" decoding=\"async\" class=\"size-medium wp-image-32564 aligncenter\" src=\"https:\/\/www.revistazetta.com\/wp-content\/uploads\/2019\/09\/Soy-2-300x200.jpg\" alt=\"\" width=\"300\" height=\"200\" \/><\/p>\n<p>Libardo Antonio Orozco Garc\u00eda, quien se desplaz\u00f3 hasta el lugar de encuentro desde la capital de Bol\u00edvar, Cartagena, manifest\u00f3: Realmente esta Ruta Soy Bol\u00edvar 3,1 me pareci\u00f3 maravillosa, ojal\u00e1 que se repita para el pr\u00f3ximo a\u00f1o 2020. Esto nos motiva a todo el equipo cicl\u00edstico que hoy hemos participado a seguir prepar\u00e1ndonos f\u00edsicamente y a estrechar a\u00fan m\u00e1s los lazos a trav\u00e9s del deporte\u201d, concluy\u00f3 en medio del regocijo que le produjo a este bolivarense estrenar los m\u00e1s de 40 kil\u00f3metros de v\u00eda construidos por la administraci\u00f3n departamental del Bol\u00edvar S\u00ed Avanza.<\/p>\n<p><img loading=\"lazy\" decoding=\"async\" class=\"size-medium wp-image-32566 aligncenter\" src=\"https:\/\/www.revistazetta.com\/wp-content\/uploads\/2019\/09\/Soy-4-300x200.jpg\" alt=\"\" width=\"300\" height=\"200\" \/><\/p>\n","protected":false},"excerpt":{"rendered":"<p>Los municipios de Mahates, Arroyohindo y Soplaviento fueron el escenario propicio para la marat\u00f3n de m\u00e1s de 500 ciclistas bolivarenses que recorrieron los territorios aleda\u00f1os al Canal del Dique. Prados, cultivos, ci\u00e9nagas y ganader\u00eda extensiva, sirvieron para el disfrute paisaj\u00edstico que hoy deja embelesados a los aficionados de esta disciplina deportiva en cabeza del gobernador Dumek Turbay Paz. El desarrollo de la conexi\u00f3n del Circuito Vial del Norte ha sido una de las grandes obras que deja el gobierno del Bol\u00edvar S\u00ed Avanza. Pero adem\u00e1s, queda demostrado que esta gran&#8230; <\/p>\n","protected":false},"author":3,"featured_media":32568,"comment_status":"open","ping_status":"closed","sticky":false,"template":"","format":"standard","meta":{"footnotes":"","_links_to":"","_links_to_target":""},"categories":[75,53,91],"tags":[],"class_list":["post-32563","post","type-post","status-publish","format-standard","has-post-thumbnail","hentry","category-destacada","category-deportes","category-juegos-nacionales"],"_links":{"self":[{"href":"https:\/\/revistazetta.com\/index.php?rest_route=\/wp\/v2\/posts\/32563","targetHints":{"allow":["GET"]}}],"collection":[{"href":"https:\/\/revistazetta.com\/index.php?rest_route=\/wp\/v2\/posts"}],"about":[{"href":"https:\/\/revistazetta.com\/index.php?rest_route=\/wp\/v2\/types\/post"}],"author":[{"embeddable":true,"href":"https:\/\/revistazetta.com\/index.php?rest_route=\/wp\/v2\/users\/3"}],"replies":[{"embeddable":true,"href":"https:\/\/revistazetta.com\/index.php?rest_route=%2Fwp%2Fv2%2Fcomments&post=32563"}],"version-history":[{"count":0,"href":"https:\/\/revistazetta.com\/index.php?rest_route=\/wp\/v2\/posts\/32563\/revisions"}],"wp:featuredmedia":[{"embeddable":true,"href":"https:\/\/revistazetta.com\/index.php?rest_route=\/wp\/v2\/media\/32568"}],"wp:attachment":[{"href":"https:\/\/revistazetta.com\/index.php?rest_route=%2Fwp%2Fv2%2Fmedia&parent=32563"}],"wp:term":[{"taxonomy":"category","embeddable":true,"href":"https:\/\/revistazetta.com\/index.php?rest_route=%2Fwp%2Fv2%2Fcategories&post=32563"},{"taxonomy":"post_tag","embeddable":true,"href":"https:\/\/revistazetta.com\/index.php?rest_route=%2Fwp%2Fv2%2Ftags&post=32563"}],"curies":[{"name":"wp","href":"https:\/\/api.w.org\/{rel}","templated":true}]}}