{"id":32608,"date":"2019-10-02T08:16:05","date_gmt":"2019-10-02T13:16:05","guid":{"rendered":"http:\/\/www.revistazetta.com\/?p=32608"},"modified":"2019-10-02T08:16:05","modified_gmt":"2019-10-02T13:16:05","slug":"san-francisco-se-paralizo-vicentico-garcia-tirado-rito-perez-frank-ricaurte-benjamin-herrera","status":"publish","type":"post","link":"https:\/\/revistazetta.com\/?p=32608","title":{"rendered":"San Francisco se paraliz\u00f3 con Vicentico, Garc\u00eda Tirado, Rito P\u00e9rez, Frank Ricaurte y Benjam\u00edn Herrera"},"content":{"rendered":"<p>Terminar la v\u00eda Perimetral de Cartagena result\u00f3 una de las consignas sentadas en una multitudinaria reuni\u00f3n pol\u00edtica en El Barrio San Francisco, que encabez\u00f3 el candidato a la Gobernaci\u00f3n, Vicente Blel Scaff; el candidato a la Alcald\u00eda de Cartagena, William Garc\u00eda Tirado, y en la que el anfitri\u00f3n fue el candidato al Concejo Rito P\u00e9rez, nacido en este populoso barrio. Junto ellos estuvieron el candidato a la Asamblea, Frank Ricaurte, y el candidato a la LAL 1, Benjam\u00edn Herrera.<\/p>\n<p><iframe loading=\"lazy\" src=\"https:\/\/www.youtube.com\/embed\/IrJLQbo6MMI\" width=\"560\" height=\"315\" frameborder=\"0\" allowfullscreen=\"allowfullscreen\"><\/iframe><\/p>\n<p>En medio de una ensordecedora ovaci\u00f3n, Vicente Blel dijo que Cartagena tendr\u00e1 dos alcaldes en la pr\u00e1ctica, ya que como gobernador de Bol\u00edvar concurrir\u00e1 con el Distrito en importantes proyectos como la terminaci\u00f3n de la v\u00eda Perimetral, el plan de drenajes pluviales, o el megaproyecto del cana del Dique, entre otros.<\/p>\n<p>Aclamado por la multitud, William Garc\u00eda Tirado hizo un resumen de su plan de gobierno, e hizo especial \u00e9nfasis en la generaci\u00f3n de oportunidades de empleo y educaci\u00f3n.<\/p>\n<p>El anfitri\u00f3n, Rito P\u00e9rez (L 5), dijo que los \u00absanpacheros votan por sanpeacheros\u00bb y agradeci\u00f3 el respaldo que le dieron a su hermano, el concejal William P\u00e9rez, quien decidi\u00f3 no aspirar al concejo para respaldarle. \u00abEsta curul seguir\u00e1 al servicio de las comunidades como San Francisco\u00bb, recalc\u00f3.<\/p>\n<p>Ante las dos mil personas congregadas, el diputado y aspirante a la reelecci\u00f3n en la Asamblea Departamental, Frank Ricaurte (U 60) dijo que desde la Duma respaldar\u00e1 el programa de gobierno de Vicente Blel, para que Bol\u00edvar alcance los m\u00e1s altos \u00edndices de recuperaci\u00f3n social, y sea el departamento l\u00edder en el Caribe.<\/p>\n<p>El candidato a la JAL (Localidad 1, N\u00ba 89) Benjam\u00edn Herrera, le pidi\u00f3 espec\u00edficamente al candidato a la Alcald\u00eda William Garc\u00eda, quien fortalezca los fondos de inversi\u00f3n de las localidades, y de es amanerar darle mejores respuestas a las comunidades.<\/p>\n<p>Los cinco candidatos exaltaron el liderazgo de Fejed Al\u00ed Badr\u00e1n, quien declin\u00f3 su aspiraci\u00f3n a la gobernaci\u00f3n por el partido Liberal, y ahora se ha convertido en un soldado en la construcci\u00f3n de una interesante plataforma, cuyos frutos se dar\u00e1n este 27 de octubre en las urnas.<\/p>\n<p>&nbsp;<\/p>\n<p><img loading=\"lazy\" decoding=\"async\" class=\"alignnone size-medium wp-image-32609\" src=\"https:\/\/www.revistazetta.com\/wp-content\/uploads\/2019\/10\/Benjam\u00edn-Herrera-300x200.jpg\" alt=\"\" width=\"300\" height=\"200\" \/> <img loading=\"lazy\" decoding=\"async\" class=\"alignnone size-medium wp-image-32610\" src=\"https:\/\/www.revistazetta.com\/wp-content\/uploads\/2019\/10\/Candidatos-1-300x188.jpg\" alt=\"\" width=\"300\" height=\"188\" \/> <img loading=\"lazy\" decoding=\"async\" class=\"alignnone size-medium wp-image-32611\" src=\"https:\/\/www.revistazetta.com\/wp-content\/uploads\/2019\/10\/Candidatos-2-300x188.jpg\" alt=\"\" width=\"300\" height=\"188\" \/> <img loading=\"lazy\" decoding=\"async\" class=\"alignnone size-medium wp-image-32612\" src=\"https:\/\/www.revistazetta.com\/wp-content\/uploads\/2019\/10\/Gent\u00edo-2-300x200.jpg\" alt=\"\" width=\"300\" height=\"200\" \/> <img loading=\"lazy\" decoding=\"async\" class=\"alignnone size-medium wp-image-32613\" src=\"https:\/\/www.revistazetta.com\/wp-content\/uploads\/2019\/10\/Gent\u00edo-300x200.jpg\" alt=\"\" width=\"300\" height=\"200\" \/> <img loading=\"lazy\" decoding=\"async\" class=\"alignnone size-medium wp-image-32614\" src=\"https:\/\/www.revistazetta.com\/wp-content\/uploads\/2019\/10\/IMG_7252-300x188.jpg\" alt=\"\" width=\"300\" height=\"188\" \/> <img loading=\"lazy\" decoding=\"async\" class=\"alignnone size-medium wp-image-32615\" src=\"https:\/\/www.revistazetta.com\/wp-content\/uploads\/2019\/10\/IMG_7253-300x208.jpg\" alt=\"\" width=\"300\" height=\"208\" \/><\/p>\n<p>&nbsp;<\/p>\n","protected":false},"excerpt":{"rendered":"<p>Terminar la v\u00eda Perimetral de Cartagena result\u00f3 una de las consignas sentadas en una multitudinaria reuni\u00f3n pol\u00edtica en El Barrio San Francisco, que encabez\u00f3 el candidato a la Gobernaci\u00f3n, Vicente Blel Scaff; el candidato a la Alcald\u00eda de Cartagena, William Garc\u00eda Tirado, y en la que el anfitri\u00f3n fue el candidato al Concejo Rito P\u00e9rez, nacido en este populoso barrio. Junto ellos estuvieron el candidato a la Asamblea, Frank Ricaurte, y el candidato a la LAL 1, Benjam\u00edn Herrera. En medio de una ensordecedora ovaci\u00f3n, Vicente Blel dijo que Cartagena&#8230; <\/p>\n","protected":false},"author":3,"featured_media":32607,"comment_status":"open","ping_status":"closed","sticky":false,"template":"","format":"standard","meta":{"footnotes":"","_links_to":"","_links_to_target":""},"categories":[75,4],"tags":[],"class_list":["post-32608","post","type-post","status-publish","format-standard","has-post-thumbnail","hentry","category-destacada","category-politica"],"_links":{"self":[{"href":"https:\/\/revistazetta.com\/index.php?rest_route=\/wp\/v2\/posts\/32608","targetHints":{"allow":["GET"]}}],"collection":[{"href":"https:\/\/revistazetta.com\/index.php?rest_route=\/wp\/v2\/posts"}],"about":[{"href":"https:\/\/revistazetta.com\/index.php?rest_route=\/wp\/v2\/types\/post"}],"author":[{"embeddable":true,"href":"https:\/\/revistazetta.com\/index.php?rest_route=\/wp\/v2\/users\/3"}],"replies":[{"embeddable":true,"href":"https:\/\/revistazetta.com\/index.php?rest_route=%2Fwp%2Fv2%2Fcomments&post=32608"}],"version-history":[{"count":0,"href":"https:\/\/revistazetta.com\/index.php?rest_route=\/wp\/v2\/posts\/32608\/revisions"}],"wp:featuredmedia":[{"embeddable":true,"href":"https:\/\/revistazetta.com\/index.php?rest_route=\/wp\/v2\/media\/32607"}],"wp:attachment":[{"href":"https:\/\/revistazetta.com\/index.php?rest_route=%2Fwp%2Fv2%2Fmedia&parent=32608"}],"wp:term":[{"taxonomy":"category","embeddable":true,"href":"https:\/\/revistazetta.com\/index.php?rest_route=%2Fwp%2Fv2%2Fcategories&post=32608"},{"taxonomy":"post_tag","embeddable":true,"href":"https:\/\/revistazetta.com\/index.php?rest_route=%2Fwp%2Fv2%2Ftags&post=32608"}],"curies":[{"name":"wp","href":"https:\/\/api.w.org\/{rel}","templated":true}]}}