{"id":32616,"date":"2019-10-02T08:28:45","date_gmt":"2019-10-02T13:28:45","guid":{"rendered":"http:\/\/www.revistazetta.com\/?p=32616"},"modified":"2019-10-02T08:28:45","modified_gmt":"2019-10-02T13:28:45","slug":"fernando-araujo-ratifica-compromiso-los-barrios","status":"publish","type":"post","link":"https:\/\/revistazetta.com\/?p=32616","title":{"rendered":"Fernando Ara\u00fajo ratifica compromiso con los barrios"},"content":{"rendered":"<p>Acompa\u00f1ado de residentes del sector, el candidato a la Alcald\u00eda, Fernando Ara\u00fajo, recorri\u00f3 el barrio La Campi\u00f1a para conocer las problem\u00e1ticas que a diario afectan a la comunidad.<br \/>\nInseguridad, falta de inversi\u00f3n en los escenarios deportivos, parques y carreteras, fueron algunos de los problemas expuestos por los vecinos del barrio al candidato.<br \/>\n\u00abMe comprometo a trabajar por el barrio La Campi\u00f1a y todos los sectores de Cartagena, para mejorar los escenarios deportivos, voy a ser un alcalde que trabaje para el bienestar de todos los cartageneros\u00bb, expres\u00f3 Ara\u00fajo.<br \/>\nEl aspirante a la Alcald\u00eda se comprometi\u00f3 adem\u00e1s a trabajar de la mano con los residentes del sector para sacar el barrio adelante y acabar con todas las problem\u00e1ticas.<br \/>\nEl barrio La Campi\u00f1a es uno de los muchos barrios de Cartagena que se ha unido al cambio para mejorar la ciudad.<\/p>\n<p>&nbsp;<\/p>\n","protected":false},"excerpt":{"rendered":"<p>Acompa\u00f1ado de residentes del sector, el candidato a la Alcald\u00eda, Fernando Ara\u00fajo, recorri\u00f3 el barrio La Campi\u00f1a para conocer las problem\u00e1ticas que a diario afectan a la comunidad. Inseguridad, falta de inversi\u00f3n en los escenarios deportivos, parques y carreteras, fueron algunos de los problemas expuestos por los vecinos del barrio al candidato. \u00abMe comprometo a trabajar por el barrio La Campi\u00f1a y todos los sectores de Cartagena, para mejorar los escenarios deportivos, voy a ser un alcalde que trabaje para el bienestar de todos los cartageneros\u00bb, expres\u00f3 Ara\u00fajo. El aspirante&#8230; <\/p>\n","protected":false},"author":3,"featured_media":32617,"comment_status":"open","ping_status":"closed","sticky":false,"template":"","format":"standard","meta":{"footnotes":"","_links_to":"","_links_to_target":""},"categories":[75,4],"tags":[],"class_list":["post-32616","post","type-post","status-publish","format-standard","has-post-thumbnail","hentry","category-destacada","category-politica"],"_links":{"self":[{"href":"https:\/\/revistazetta.com\/index.php?rest_route=\/wp\/v2\/posts\/32616","targetHints":{"allow":["GET"]}}],"collection":[{"href":"https:\/\/revistazetta.com\/index.php?rest_route=\/wp\/v2\/posts"}],"about":[{"href":"https:\/\/revistazetta.com\/index.php?rest_route=\/wp\/v2\/types\/post"}],"author":[{"embeddable":true,"href":"https:\/\/revistazetta.com\/index.php?rest_route=\/wp\/v2\/users\/3"}],"replies":[{"embeddable":true,"href":"https:\/\/revistazetta.com\/index.php?rest_route=%2Fwp%2Fv2%2Fcomments&post=32616"}],"version-history":[{"count":0,"href":"https:\/\/revistazetta.com\/index.php?rest_route=\/wp\/v2\/posts\/32616\/revisions"}],"wp:featuredmedia":[{"embeddable":true,"href":"https:\/\/revistazetta.com\/index.php?rest_route=\/wp\/v2\/media\/32617"}],"wp:attachment":[{"href":"https:\/\/revistazetta.com\/index.php?rest_route=%2Fwp%2Fv2%2Fmedia&parent=32616"}],"wp:term":[{"taxonomy":"category","embeddable":true,"href":"https:\/\/revistazetta.com\/index.php?rest_route=%2Fwp%2Fv2%2Fcategories&post=32616"},{"taxonomy":"post_tag","embeddable":true,"href":"https:\/\/revistazetta.com\/index.php?rest_route=%2Fwp%2Fv2%2Ftags&post=32616"}],"curies":[{"name":"wp","href":"https:\/\/api.w.org\/{rel}","templated":true}]}}