{"id":32624,"date":"2019-10-04T07:25:05","date_gmt":"2019-10-04T12:25:05","guid":{"rendered":"http:\/\/www.revistazetta.com\/?p=32624"},"modified":"2019-10-04T07:29:37","modified_gmt":"2019-10-04T12:29:37","slug":"proceso-pinedo-eljaiek-lleva-9-anos-garcia-tirado-declarara-denunciante","status":"publish","type":"post","link":"https:\/\/revistazetta.com\/?p=32624","title":{"rendered":"Proceso contra Pinedo y Eljaiek lleva 9 a\u00f1os, y Garc\u00eda Tirado declarar\u00e1 como denunciante"},"content":{"rendered":"<p>El juicio oral contra la controvertida exalcaldesa Judith Pinedo y su ex secretaria de Hacienda Vivian Eljaiek continuar\u00e1 este 15 de octubre con la declaraci\u00f3n como testigo de William Garc\u00eda Tirado.<\/p>\n<p>Ser\u00e1 el ultimo testigo de la Fiscalia, despues de escuchar la semana pasada a la directora del IGAC, el comandante de la Capitania de Puerto (Dimar), los peritos investigadores del CTI (confirmaron que el pol\u00edgono es un bien de uso publico y existen estudios desde la epoca de la colonia que lo demuestran), la asesora de la Secretaria de Hacienda Distrital, Lucy de Cepeda, y la v\u00edctima del caso, Juan Diego Useche.<\/p>\n<p>El Juez Segundo Promiscuo de Turbaco, Alfonso Meza de la Ossa, quien actua como Juez de conocimiento, escuchar\u00e1 al denunciante del caso para darle paso de inmediato a las audiencias con la participaci\u00f3n de los testigos de la defensa t\u00e9cnica.<\/p>\n<p>Garc\u00eda Tirado denunci\u00f3 la venta del pol\u00edgono de la playa de El Laguito al Hotel Dann en el a\u00f1o 2010, por valor de $207 millones que fueron cancelados en cuatro cuotas, de acuerdo con lo establecido en el contrato de venta firmado por Pinedo y Eljaiek.<\/p>\n<p>Los cargos imputados son peculado a favor de terceros y contrato sin el cumplimiento (lleno) de los requisitos.<\/p>\n<p>En el proceso, que cumple 9 a\u00f1os, est\u00e1n vinculados el asesor de la Secretar\u00eda de Hacienda, Giovanni Torreglosa; el autor del aval\u00fao, Rafael Ceballos, y el gerente del Hotel Dann, Edgar Restrepo.<\/p>\n<p>Vivian Eljaiek hoy es directiva seccional de la ANDI, activista pol\u00edtica y severa cr\u00edtica de la candidatura de William Garc\u00eda Tirado a la Alcald\u00eda de Cartagena.<\/p>\n<p>Tanto Pinedo como Eljaiek est\u00e1n cobijadas por la presunci\u00f3n constitucional de inocencia, hasta que una sentencia de un juez decida otra cosa.<\/p>\n","protected":false},"excerpt":{"rendered":"<p>El juicio oral contra la controvertida exalcaldesa Judith Pinedo y su ex secretaria de Hacienda Vivian Eljaiek continuar\u00e1 este 15 de octubre con la declaraci\u00f3n como testigo de William Garc\u00eda Tirado. Ser\u00e1 el ultimo testigo de la Fiscalia, despues de escuchar la semana pasada a la directora del IGAC, el comandante de la Capitania de Puerto (Dimar), los peritos investigadores del CTI (confirmaron que el pol\u00edgono es un bien de uso publico y existen estudios desde la epoca de la colonia que lo demuestran), la asesora de la Secretaria de&#8230; <\/p>\n","protected":false},"author":3,"featured_media":0,"comment_status":"open","ping_status":"closed","sticky":false,"template":"","format":"standard","meta":{"footnotes":"","_links_to":"","_links_to_target":""},"categories":[75,2],"tags":[],"class_list":["post-32624","post","type-post","status-publish","format-standard","hentry","category-destacada","category-actualidad"],"_links":{"self":[{"href":"https:\/\/revistazetta.com\/index.php?rest_route=\/wp\/v2\/posts\/32624","targetHints":{"allow":["GET"]}}],"collection":[{"href":"https:\/\/revistazetta.com\/index.php?rest_route=\/wp\/v2\/posts"}],"about":[{"href":"https:\/\/revistazetta.com\/index.php?rest_route=\/wp\/v2\/types\/post"}],"author":[{"embeddable":true,"href":"https:\/\/revistazetta.com\/index.php?rest_route=\/wp\/v2\/users\/3"}],"replies":[{"embeddable":true,"href":"https:\/\/revistazetta.com\/index.php?rest_route=%2Fwp%2Fv2%2Fcomments&post=32624"}],"version-history":[{"count":0,"href":"https:\/\/revistazetta.com\/index.php?rest_route=\/wp\/v2\/posts\/32624\/revisions"}],"wp:attachment":[{"href":"https:\/\/revistazetta.com\/index.php?rest_route=%2Fwp%2Fv2%2Fmedia&parent=32624"}],"wp:term":[{"taxonomy":"category","embeddable":true,"href":"https:\/\/revistazetta.com\/index.php?rest_route=%2Fwp%2Fv2%2Fcategories&post=32624"},{"taxonomy":"post_tag","embeddable":true,"href":"https:\/\/revistazetta.com\/index.php?rest_route=%2Fwp%2Fv2%2Ftags&post=32624"}],"curies":[{"name":"wp","href":"https:\/\/api.w.org\/{rel}","templated":true}]}}