{"id":32675,"date":"2019-10-07T08:39:10","date_gmt":"2019-10-07T13:39:10","guid":{"rendered":"http:\/\/www.revistazetta.com\/?p=32675"},"modified":"2019-10-07T08:39:10","modified_gmt":"2019-10-07T13:39:10","slug":"garcia-tirado-confirma-favoritismo-encuesta-metro","status":"publish","type":"post","link":"https:\/\/revistazetta.com\/?p=32675","title":{"rendered":"Garc\u00eda Tirado confirma favoritismo en encuesta de El Metro"},"content":{"rendered":"<p>William Garc\u00eda Tirado tambi\u00e9n gan\u00f3 la encuesta de la Revista Metro, realizada por la firma Mediciones Estrat\u00e9gicas, sobre preferencias para la Alcald\u00eda de Cartagena.<\/p>\n<p>Los resultados parecen corresponder a la realidad, pues se mantienen tendencias, a diferencia de la publicada por el Tiempo en d\u00edas pasados, donde unos candidatos se desplomaban mientras otros sub\u00edan sin mayor explicaci\u00f3n.<\/p>\n<p>Este es el informe de Revista Metro, que dirige Carlos Ardila Gonz\u00e1lez:<\/p>\n<p><span style=\"color: #000080;\"><em>Si las elecciones para elegir el nuevo mandatario de<strong>\u00a0Cartagena<\/strong> hubieran sido ayer domingo 6 de octubre, el <strong>alcalde<\/strong> electo de la Ciudad Heroica fuera <strong>William Garc\u00eda Tirado<\/strong>, mientras que <strong>Yolanda Wong Baldiris<\/strong> tendr\u00eda la opci\u00f3n de ser <strong>concejal<\/strong> del Distrito y -adem\u00e1s \u2013 jefe de la oposici\u00f3n local.<\/em><\/span><\/p>\n<p><span style=\"color: #000080;\"><em>As\u00ed se desprende de los <strong>resultados<\/strong> de la <strong>Cuarta Gran Encuesta <\/strong>de la firma <strong>Mediciones Estrat\u00e9gicas<\/strong>, encomendada por <strong>Revista Metro<\/strong>, la <strong>Alianza de Medios Contenidos Multimedia<\/strong>, <strong>Clip Group<\/strong> y el <strong>Canal CNC Cartagena<\/strong>, los cuales muestran que,\u00a0ante la pregunta: \u201c<strong>en el caso hipot\u00e9tico de que las elecciones a la Alcald\u00eda de Cartagena fueran ma\u00f1ana y los candidatos fueran las siguientes personas, \u00bfusted por qui\u00e9n votar\u00eda?<\/strong>\u201c, el <strong>31,16%<\/strong>\u00a0de los encuestados respondi\u00f3 que por\u00a0<strong>William Garc\u00eda<\/strong>\u00a0<strong>Tirado<\/strong>, el <strong>11,80%<\/strong>\u00a0que por\u00a0<strong>Yolanda Wong Baldiris<\/strong>, el <strong>7,57%<\/strong>que por <strong>William Dau Chamat<\/strong>, el <strong>4,48%<\/strong> que por <strong>Fernando Ara\u00fajo Perdomo<\/strong>, el <strong>4,39% <\/strong>que por <strong>Sergio Londo\u00f1o Zurek<\/strong>, el <strong>2,69%<\/strong> que por\u00a0<strong>Adelina Covo de Guerrero<\/strong>,\u00a0el <strong>1,95%<\/strong>\u00a0que por<strong> Nabil B\u00e1ladi Gede\u00f3n<\/strong> y el <strong>1,30%<\/strong> que por\u00a0<strong>Wilman Herrera Imitola<\/strong>.<\/em><\/span><\/p>\n<p><em><span style=\"color: #000080;\">De igual forma, el <strong>13,34%<\/strong>\u00a0manifest\u00f3 que votar\u00eda\u00a0<strong>en blanco<\/strong>; el <strong>13,83%<\/strong>\u00a0que\u00a0<strong>por ninguno<\/strong>; y el <strong>5,61%<\/strong>\u00a0<strong>no supo o no respondi\u00f3<\/strong>.<\/span><\/em><\/p>\n<p><em><span style=\"color: #000080;\">El trabajo de campo de la encuesta, de acuerdo con lo indicado en la correspondiente <a style=\"color: #000080;\" href=\"https:\/\/es.scribd.com\/presentation\/429105396\/Encuesta-Alcaldia-Octubre-2019\" target=\"_blank\" rel=\"noopener noreferrer\"><strong>FICHA T\u00c9CNICA<\/strong><\/a>, se realiz\u00f3 cara a cara a <strong>1.229 hombres y mujeres<\/strong> de 18 a\u00f1os o m\u00e1s en 39 barrios del casco urbano de <strong>Cartagena\u00a0<\/strong>y en los corregimientos de <strong>Bayunca<\/strong>\u00a0y\u00a0<strong>Pasacaballos<\/strong>, se realiz\u00f3 entre el 1 y el 2 de octubre.<\/span><\/em><\/p>\n<p><em><span style=\"color: #000080;\">La encuesta midi\u00f3 tambi\u00e9n el nivel de <strong>conocimiento<\/strong> y la valoraci\u00f3n de la <strong>imagen<\/strong> de los 14 candidatos a la Alcald\u00eda, y se hizo de manera global as\u00ed como por Localidades.<\/span><\/em><\/p>\n<p><em><span style=\"color: #000080;\">El objeto central de esta encuesta es conocer la intenci\u00f3n de voto en Cartagena de las elecciones del pr\u00f3ximo 27 de octubre para la <strong>Gobernaci\u00f3n<\/strong> y la <strong>Asamblea<\/strong> de Bol\u00edvar y para la <strong>Alcald\u00eda<\/strong>, el <strong>Concejo<\/strong> y las <strong>Juntas Administradoras Locales<\/strong> de Cartagena.<\/span><\/em><\/p>\n<p>Aqu\u00ed los resultados completos:<\/p>\n<p><a href=\"https:\/\/es.scribd.com\/presentation\/429105396\/Encuesta-Alcaldia-Octubre-2019\" target=\"_blank\" rel=\"noopener\">https:\/\/es.scribd.com\/presentation\/429105396\/Encuesta-Alcaldia-Octubre-2019<\/a><\/p>\n","protected":false},"excerpt":{"rendered":"<p>William Garc\u00eda Tirado tambi\u00e9n gan\u00f3 la encuesta de la Revista Metro, realizada por la firma Mediciones Estrat\u00e9gicas, sobre preferencias para la Alcald\u00eda de Cartagena. Los resultados parecen corresponder a la realidad, pues se mantienen tendencias, a diferencia de la publicada por el Tiempo en d\u00edas pasados, donde unos candidatos se desplomaban mientras otros sub\u00edan sin mayor explicaci\u00f3n. Este es el informe de Revista Metro, que dirige Carlos Ardila Gonz\u00e1lez: Si las elecciones para elegir el nuevo mandatario de\u00a0Cartagena hubieran sido ayer domingo 6 de octubre, el alcalde electo de la&#8230; <\/p>\n","protected":false},"author":3,"featured_media":32676,"comment_status":"open","ping_status":"closed","sticky":false,"template":"","format":"standard","meta":{"footnotes":"","_links_to":"","_links_to_target":""},"categories":[75,4],"tags":[],"class_list":["post-32675","post","type-post","status-publish","format-standard","has-post-thumbnail","hentry","category-destacada","category-politica"],"_links":{"self":[{"href":"https:\/\/revistazetta.com\/index.php?rest_route=\/wp\/v2\/posts\/32675","targetHints":{"allow":["GET"]}}],"collection":[{"href":"https:\/\/revistazetta.com\/index.php?rest_route=\/wp\/v2\/posts"}],"about":[{"href":"https:\/\/revistazetta.com\/index.php?rest_route=\/wp\/v2\/types\/post"}],"author":[{"embeddable":true,"href":"https:\/\/revistazetta.com\/index.php?rest_route=\/wp\/v2\/users\/3"}],"replies":[{"embeddable":true,"href":"https:\/\/revistazetta.com\/index.php?rest_route=%2Fwp%2Fv2%2Fcomments&post=32675"}],"version-history":[{"count":0,"href":"https:\/\/revistazetta.com\/index.php?rest_route=\/wp\/v2\/posts\/32675\/revisions"}],"wp:featuredmedia":[{"embeddable":true,"href":"https:\/\/revistazetta.com\/index.php?rest_route=\/wp\/v2\/media\/32676"}],"wp:attachment":[{"href":"https:\/\/revistazetta.com\/index.php?rest_route=%2Fwp%2Fv2%2Fmedia&parent=32675"}],"wp:term":[{"taxonomy":"category","embeddable":true,"href":"https:\/\/revistazetta.com\/index.php?rest_route=%2Fwp%2Fv2%2Fcategories&post=32675"},{"taxonomy":"post_tag","embeddable":true,"href":"https:\/\/revistazetta.com\/index.php?rest_route=%2Fwp%2Fv2%2Ftags&post=32675"}],"curies":[{"name":"wp","href":"https:\/\/api.w.org\/{rel}","templated":true}]}}