{"id":32677,"date":"2019-10-07T09:10:57","date_gmt":"2019-10-07T14:10:57","guid":{"rendered":"http:\/\/www.revistazetta.com\/?p=32677"},"modified":"2019-10-07T09:10:57","modified_gmt":"2019-10-07T14:10:57","slug":"juntos-seremos-equipo-concejo-cristian-herazo","status":"publish","type":"post","link":"https:\/\/revistazetta.com\/?p=32677","title":{"rendered":"Juntos seremos equipo en el Concejo: Cristian Herazo"},"content":{"rendered":"<blockquote><p><strong>Los vecinos de Villa Fanny est\u00e1n comprometidos con la candidatura de Cristian Herazo al Concejo<\/strong><\/p><\/blockquote>\n<p>El candidato por el partido Conservador, n\u00famero 2 en el tarjet\u00f3n comparti\u00f3 con los vecinos del barrio Villa Fanny, a quienes agradeci\u00f3 el respaldo que le han brindado desde el inicio de su candidatura.<\/p>\n<p>\u201cMe motiva ver c\u00f3mo cada d\u00eda son m\u00e1s los hogares cartageneros que acogen con tanto entusiasmo y esperanza nuestro reto por Cartagena y se sienten identificados con \u00e9l. Juntos, seremos el equipo que necesita la ciudad para jalonar su desarrollo y transformaci\u00f3n. El reto es de todos\u201d manifest\u00f3 Herazo.<\/p>\n<p>?Concejo C &#8211; 2 ?<\/p>\n","protected":false},"excerpt":{"rendered":"<p>Los vecinos de Villa Fanny est\u00e1n comprometidos con la candidatura de Cristian Herazo al Concejo El candidato por el partido Conservador, n\u00famero 2 en el tarjet\u00f3n comparti\u00f3 con los vecinos del barrio Villa Fanny, a quienes agradeci\u00f3 el respaldo que le han brindado desde el inicio de su candidatura. \u201cMe motiva ver c\u00f3mo cada d\u00eda son m\u00e1s los hogares cartageneros que acogen con tanto entusiasmo y esperanza nuestro reto por Cartagena y se sienten identificados con \u00e9l. Juntos, seremos el equipo que necesita la ciudad para jalonar su desarrollo y&#8230; <\/p>\n","protected":false},"author":3,"featured_media":32678,"comment_status":"open","ping_status":"closed","sticky":false,"template":"","format":"standard","meta":{"footnotes":"","_links_to":"","_links_to_target":""},"categories":[75],"tags":[],"class_list":["post-32677","post","type-post","status-publish","format-standard","has-post-thumbnail","hentry","category-destacada"],"_links":{"self":[{"href":"https:\/\/revistazetta.com\/index.php?rest_route=\/wp\/v2\/posts\/32677","targetHints":{"allow":["GET"]}}],"collection":[{"href":"https:\/\/revistazetta.com\/index.php?rest_route=\/wp\/v2\/posts"}],"about":[{"href":"https:\/\/revistazetta.com\/index.php?rest_route=\/wp\/v2\/types\/post"}],"author":[{"embeddable":true,"href":"https:\/\/revistazetta.com\/index.php?rest_route=\/wp\/v2\/users\/3"}],"replies":[{"embeddable":true,"href":"https:\/\/revistazetta.com\/index.php?rest_route=%2Fwp%2Fv2%2Fcomments&post=32677"}],"version-history":[{"count":0,"href":"https:\/\/revistazetta.com\/index.php?rest_route=\/wp\/v2\/posts\/32677\/revisions"}],"wp:featuredmedia":[{"embeddable":true,"href":"https:\/\/revistazetta.com\/index.php?rest_route=\/wp\/v2\/media\/32678"}],"wp:attachment":[{"href":"https:\/\/revistazetta.com\/index.php?rest_route=%2Fwp%2Fv2%2Fmedia&parent=32677"}],"wp:term":[{"taxonomy":"category","embeddable":true,"href":"https:\/\/revistazetta.com\/index.php?rest_route=%2Fwp%2Fv2%2Fcategories&post=32677"},{"taxonomy":"post_tag","embeddable":true,"href":"https:\/\/revistazetta.com\/index.php?rest_route=%2Fwp%2Fv2%2Ftags&post=32677"}],"curies":[{"name":"wp","href":"https:\/\/api.w.org\/{rel}","templated":true}]}}