{"id":32681,"date":"2019-10-07T09:38:42","date_gmt":"2019-10-07T14:38:42","guid":{"rendered":"http:\/\/www.revistazetta.com\/?p=32681"},"modified":"2019-10-07T09:38:42","modified_gmt":"2019-10-07T14:38:42","slug":"concejal-marin-pide-acciones-dengue-zona-insular","status":"publish","type":"post","link":"https:\/\/revistazetta.com\/?p=32681","title":{"rendered":"Concejal Mar\u00edn pide acciones contra el dengue en zona insular"},"content":{"rendered":"<p>Concejal Mar\u00edn lamenta muerte de menor por dengue en Bocachica<\/p>\n<p>El concejal de Cartagena \u00d3scar Mar\u00edn en medio de la sesi\u00f3n en la corporaci\u00f3n edilicia se refiri\u00f3 a la muerte de una menor de 5 a\u00f1os identificada como Johana Gonz\u00e1lez, en el corregimiento de Bocachica por dengue.<\/p>\n<p>El cabildante lament\u00f3 la muerte de la peque\u00f1a y le hizo un llamado a las autoridades para que se haga una fumigaci\u00f3n lo m\u00e1s pronto posible en esta la zona insular, adem\u00e1s, se refiri\u00f3 al caso de un ni\u00f1o de 10 a\u00f1os quien tambi\u00e9n padeci\u00f3 esta enfermedad.<\/p>\n<p>\u00abLe pedimos al director del Dadis Antonio Sagbini que env\u00ede lo m\u00e1s pronto posible el carro para que se realice la fumigaci\u00f3n en la poblaci\u00f3n, as\u00ed como env\u00edan el agua, que se le pida apoyo a las fuerzas militares, no queremos seguir lamentando m\u00e1s muertes en esta comunidad\u00bb, asegur\u00f3 Mar\u00edn.<\/p>\n<p>Finalmente el concejal tambi\u00e9n se refiri\u00f3 al abandono en el que se encuentra esta poblaci\u00f3n, qui\u00e9nes no cuentan con una lancha ambulancia y el puesto de salud est\u00e1 cerrado por falta de pago, Mar\u00edn le pidi\u00f3 a la administraci\u00f3n tener en cuenta a este corregimiento que tambi\u00e9n hace parte de Cartagena.<\/p>\n<p>&nbsp;<\/p>\n","protected":false},"excerpt":{"rendered":"<p>Concejal Mar\u00edn lamenta muerte de menor por dengue en Bocachica El concejal de Cartagena \u00d3scar Mar\u00edn en medio de la sesi\u00f3n en la corporaci\u00f3n edilicia se refiri\u00f3 a la muerte de una menor de 5 a\u00f1os identificada como Johana Gonz\u00e1lez, en el corregimiento de Bocachica por dengue. El cabildante lament\u00f3 la muerte de la peque\u00f1a y le hizo un llamado a las autoridades para que se haga una fumigaci\u00f3n lo m\u00e1s pronto posible en esta la zona insular, adem\u00e1s, se refiri\u00f3 al caso de un ni\u00f1o de 10 a\u00f1os quien&#8230; <\/p>\n","protected":false},"author":3,"featured_media":32682,"comment_status":"open","ping_status":"closed","sticky":false,"template":"","format":"standard","meta":{"footnotes":"","_links_to":"","_links_to_target":""},"categories":[75,4],"tags":[],"class_list":["post-32681","post","type-post","status-publish","format-standard","has-post-thumbnail","hentry","category-destacada","category-politica"],"_links":{"self":[{"href":"https:\/\/revistazetta.com\/index.php?rest_route=\/wp\/v2\/posts\/32681","targetHints":{"allow":["GET"]}}],"collection":[{"href":"https:\/\/revistazetta.com\/index.php?rest_route=\/wp\/v2\/posts"}],"about":[{"href":"https:\/\/revistazetta.com\/index.php?rest_route=\/wp\/v2\/types\/post"}],"author":[{"embeddable":true,"href":"https:\/\/revistazetta.com\/index.php?rest_route=\/wp\/v2\/users\/3"}],"replies":[{"embeddable":true,"href":"https:\/\/revistazetta.com\/index.php?rest_route=%2Fwp%2Fv2%2Fcomments&post=32681"}],"version-history":[{"count":0,"href":"https:\/\/revistazetta.com\/index.php?rest_route=\/wp\/v2\/posts\/32681\/revisions"}],"wp:featuredmedia":[{"embeddable":true,"href":"https:\/\/revistazetta.com\/index.php?rest_route=\/wp\/v2\/media\/32682"}],"wp:attachment":[{"href":"https:\/\/revistazetta.com\/index.php?rest_route=%2Fwp%2Fv2%2Fmedia&parent=32681"}],"wp:term":[{"taxonomy":"category","embeddable":true,"href":"https:\/\/revistazetta.com\/index.php?rest_route=%2Fwp%2Fv2%2Fcategories&post=32681"},{"taxonomy":"post_tag","embeddable":true,"href":"https:\/\/revistazetta.com\/index.php?rest_route=%2Fwp%2Fv2%2Ftags&post=32681"}],"curies":[{"name":"wp","href":"https:\/\/api.w.org\/{rel}","templated":true}]}}