{"id":32683,"date":"2019-10-07T10:00:45","date_gmt":"2019-10-07T15:00:45","guid":{"rendered":"http:\/\/www.revistazetta.com\/?p=32683"},"modified":"2019-10-07T10:00:45","modified_gmt":"2019-10-07T15:00:45","slug":"ceballos-se-movilizo-carlos-manuel-jimenez","status":"publish","type":"post","link":"https:\/\/revistazetta.com\/?p=32683","title":{"rendered":"Ceballos se moviliz\u00f3 con Carlos Manuel Jim\u00e9nez"},"content":{"rendered":"<blockquote><p><strong>Ceballos ratific\u00f3 su respaldo al candidato al Concejo Carlos Manuel Jim\u00e9nez<\/strong><\/p><\/blockquote>\n<p>En una gran caminata que recorri\u00f3 las calles del barrio Ceballos, amigos y l\u00edderes del aspirante al concejo Carlos Manuel Jim\u00e9nez reafirmaron masivamente su apoyo a esta candidatura.<\/p>\n<p>\u201cAgradecido por este gran recibimiento de nuestros amigos del barrio Ceballos, aqu\u00ed hemos construido confianza estos 8 a\u00f1os y seguiremos trabajando juntos por la Cartagena del ma\u00f1ana. Soy ceballero de coraz\u00f3n\u201d, expres\u00f3 Carlos Manuel Jim\u00e9nez, n\u00famero 5 en el tarjet\u00f3n a concejo por el partido Cambio Radical.<\/p>\n","protected":false},"excerpt":{"rendered":"<p>Ceballos ratific\u00f3 su respaldo al candidato al Concejo Carlos Manuel Jim\u00e9nez En una gran caminata que recorri\u00f3 las calles del barrio Ceballos, amigos y l\u00edderes del aspirante al concejo Carlos Manuel Jim\u00e9nez reafirmaron masivamente su apoyo a esta candidatura. \u201cAgradecido por este gran recibimiento de nuestros amigos del barrio Ceballos, aqu\u00ed hemos construido confianza estos 8 a\u00f1os y seguiremos trabajando juntos por la Cartagena del ma\u00f1ana. Soy ceballero de coraz\u00f3n\u201d, expres\u00f3 Carlos Manuel Jim\u00e9nez, n\u00famero 5 en el tarjet\u00f3n a concejo por el partido Cambio Radical.<\/p>\n","protected":false},"author":3,"featured_media":32684,"comment_status":"open","ping_status":"closed","sticky":false,"template":"","format":"standard","meta":{"footnotes":"","_links_to":"","_links_to_target":""},"categories":[75,4],"tags":[],"class_list":["post-32683","post","type-post","status-publish","format-standard","has-post-thumbnail","hentry","category-destacada","category-politica"],"_links":{"self":[{"href":"https:\/\/revistazetta.com\/index.php?rest_route=\/wp\/v2\/posts\/32683","targetHints":{"allow":["GET"]}}],"collection":[{"href":"https:\/\/revistazetta.com\/index.php?rest_route=\/wp\/v2\/posts"}],"about":[{"href":"https:\/\/revistazetta.com\/index.php?rest_route=\/wp\/v2\/types\/post"}],"author":[{"embeddable":true,"href":"https:\/\/revistazetta.com\/index.php?rest_route=\/wp\/v2\/users\/3"}],"replies":[{"embeddable":true,"href":"https:\/\/revistazetta.com\/index.php?rest_route=%2Fwp%2Fv2%2Fcomments&post=32683"}],"version-history":[{"count":0,"href":"https:\/\/revistazetta.com\/index.php?rest_route=\/wp\/v2\/posts\/32683\/revisions"}],"wp:featuredmedia":[{"embeddable":true,"href":"https:\/\/revistazetta.com\/index.php?rest_route=\/wp\/v2\/media\/32684"}],"wp:attachment":[{"href":"https:\/\/revistazetta.com\/index.php?rest_route=%2Fwp%2Fv2%2Fmedia&parent=32683"}],"wp:term":[{"taxonomy":"category","embeddable":true,"href":"https:\/\/revistazetta.com\/index.php?rest_route=%2Fwp%2Fv2%2Fcategories&post=32683"},{"taxonomy":"post_tag","embeddable":true,"href":"https:\/\/revistazetta.com\/index.php?rest_route=%2Fwp%2Fv2%2Ftags&post=32683"}],"curies":[{"name":"wp","href":"https:\/\/api.w.org\/{rel}","templated":true}]}}