{"id":32690,"date":"2019-10-07T17:27:37","date_gmt":"2019-10-07T22:27:37","guid":{"rendered":"http:\/\/www.revistazetta.com\/?p=32690"},"modified":"2019-10-07T17:27:37","modified_gmt":"2019-10-07T22:27:37","slug":"artistas-escenicos-del-caribe-se-reunen-la-vi-jornada-estudios-teatrales-unibac","status":"publish","type":"post","link":"https:\/\/revistazetta.com\/?p=32690","title":{"rendered":"Artistas esc\u00e9nicos del Caribe se re\u00fanen en la VI Jornada de Estudios Teatrales de Unibac"},"content":{"rendered":"<p><img loading=\"lazy\" decoding=\"async\" class=\"size-medium wp-image-32691 alignright\" src=\"https:\/\/www.revistazetta.com\/wp-content\/uploads\/2019\/10\/JORNADA-156x300.jpg\" alt=\"\" width=\"156\" height=\"300\" \/>El trabajo del actor, la voz y la investigaci\u00f3n teatral ser\u00e1n las tem\u00e1ticas que se abordar\u00e1n en la VI Jornada Internacional de Estudios Teatrales del Caribe, que se realizar\u00e1 el 8 y 9 de octubre en Cartagena, organizada el programa Artes Esc\u00e9nicas de la Instituci\u00f3n Universitaria Bellas\u00a0Artes\u00a0y Ciencias de Bol\u00edvar (Unibac).<\/p>\n<p>Este importante evento es un proyecto integrador de promoci\u00f3n y formaci\u00f3n teatral que reunir\u00e1 artistas, formadores y estudiantes del teatro, la danza y el performance de diferentes instituciones especializadas en artes esc\u00e9nicas del pa\u00eds.<\/p>\n<p>En esta oportunidad, la Jornada cuenta con invitados de reconocida trayectoria internacional como Carlos Rojas Neira director-fundador del Laboratorio de la M\u00e1scara; Fabiana Medina, actriz y bailarina; Liliana Alzate, Actriz, investigadora, cr\u00edtico y directora teatral; y Pierre-Yves Le Louarn, actor, c\u00f3mico, director y escen\u00f3grafo.<\/p>\n<p>La VI Jornada Internacional de Estudios Teatrales del Caribe se desarrolla a trav\u00e9s de una parte formativa con talleres, coloquios y conversatorios, y otra parte con muestras teatrales perform\u00e1tica y danzar\u00eda que incluye todas las manifestaciones esc\u00e9nicas.<\/p>\n<p>Las actividades se realizar\u00e1n en el sal\u00f3n Pierre Daguet, sal\u00f3n 3 y sal\u00f3n 3 de Unibac.<\/p>\n<p><strong><u>Programaci\u00f3n<\/u><\/strong><\/p>\n<p><strong><u>VI Jornada Internacional de Estudios Teatrales del Caribe<\/u><\/strong><\/p>\n<table width=\"589\">\n<tbody>\n<tr>\n<td rowspan=\"9\" width=\"38\"><strong>MARTES 8 DE OCTUBRE<\/strong><\/td>\n<td width=\"75\"><strong>8:30am &#8211; 9:00am<\/strong><\/td>\n<td width=\"419\"><strong>Registro de participantes<\/strong><\/td>\n<td rowspan=\"5\" width=\"57\">Sal\u00f3n Daguet<\/td>\n<\/tr>\n<tr>\n<td rowspan=\"2\" width=\"75\"><strong>9:00am &#8211; 9:20am<\/strong><\/td>\n<td width=\"419\"><strong>Apertura y presentaci\u00f3n<\/strong><\/td>\n<\/tr>\n<tr>\n<td width=\"419\">\u00b7\u00a0\u00a0 V JORNADA INTERNACIONAL DE ESTUDIOS TEATRALES DEL CARIBE 2018<\/p>\n<p>\u00b7\u00a0\u00a0\u00a0\u00a0\u00a0\u00a0\u00a0\u00a0 Presentaci\u00f3n de Maestros Invitados<\/td>\n<\/tr>\n<tr>\n<td width=\"75\"><strong>9:20am \u2013 10:00am<\/strong><\/td>\n<td width=\"419\"><strong>Carlos Rojas Neira<\/strong><\/p>\n<p>\u2013Conversatorio \u201c\u00bbEl Arte Sagrado de la M\u00e1scara\u00bb\u201d<\/td>\n<\/tr>\n<tr>\n<td width=\"75\"><strong>10:00am- 10:40<\/strong><\/td>\n<td width=\"419\">&nbsp;<\/p>\n<p><strong>Liliana Alzate Cuervo<\/strong><\/p>\n<p>\u2013Conversatorio sobre el proyecto de investigaci\u00f3n-acci\u00f3n: Voces negras, la historia no contada del teatro latinoamericano.<\/td>\n<\/tr>\n<tr>\n<td width=\"75\"><strong>12:00 am &#8211; 2:00pm<\/strong><\/td>\n<td colspan=\"2\" width=\"476\">Almuerzo<\/td>\n<\/tr>\n<tr>\n<td rowspan=\"3\" width=\"75\"><strong>2:00pm &#8211; 5:00pm<\/strong><\/td>\n<td width=\"419\"><strong>LILIANA MARIA ALZATE CUERVO<\/strong><\/p>\n<p>Laboratorio esc\u00e9nico sobre herramientas de creaci\u00f3n-investigaci\u00f3n<\/td>\n<td width=\"57\">Sal\u00f3n 3<\/td>\n<\/tr>\n<tr>\n<td width=\"419\"><strong>PIERRE YVES JOSEPH LE LOUARN<br \/>\nFABIANA MEDINA GARZON<\/strong><\/p>\n<p><strong>\u00a0<\/strong><\/p>\n<p><strong>Laboratorio- Taller: <\/strong><br \/>\n&#8211; La presencia del actor y su relaci\u00f3n con el p\u00fablico<br \/>\n&#8211; El trabajo sobre la verdad en escena<br \/>\n&#8211; Diferencia entre actuar un papel y ser un papel<\/p>\n<p>&nbsp;<\/td>\n<td width=\"57\">Sal\u00f3n 2<\/td>\n<\/tr>\n<tr>\n<td width=\"419\"><strong>CARLOS ROJAS NEIRA<\/strong><\/p>\n<p>-Introducci\u00f3n a la M\u00e1scara Neutra: Hacia una econom\u00eda de las acciones f\u00edsicas<\/p>\n<p><strong>\u00a0<\/strong><\/td>\n<td width=\"57\">Sal\u00f3n Pierre Daguet<\/td>\n<\/tr>\n<tr>\n<td colspan=\"4\" width=\"589\"><\/td>\n<\/tr>\n<tr>\n<td rowspan=\"9\" width=\"38\"><strong>MIERCOLES 9 DE OCTUBRE<\/strong><\/td>\n<td rowspan=\"3\" width=\"75\"><strong>8:30pm &#8211; 12:00pm<\/strong><\/td>\n<td width=\"419\">&nbsp;<\/p>\n<p><strong>LILIANA MARIA ALZATE CUERVO<\/strong><\/p>\n<p>Laboratorio esc\u00e9nico sobre herramientas de creaci\u00f3n-investigaci\u00f3n<\/td>\n<td width=\"57\">&nbsp;<\/td>\n<\/tr>\n<tr>\n<td width=\"419\"><strong>PIERRE YVES JOSEPH LE LOUARN<br \/>\nFABIANA MEDINA GARZON<\/strong><\/p>\n<p><strong>\u00a0<\/strong><\/p>\n<p><strong>Laboratorio- Taller: <\/strong><br \/>\n&#8211; La presencia del actor y su relaci\u00f3n con el p\u00fablico<\/p>\n<p>&#8211; El trabajo sobre la verdad en escena<br \/>\n&#8211; Diferencia entre actuar un papel y ser un papel<\/td>\n<td width=\"57\">&nbsp;<\/td>\n<\/tr>\n<tr>\n<td width=\"419\"><strong>CARLOS ROJAS NEIRA<\/strong><\/p>\n<p>-Introducci\u00f3n a la M\u00e1scara Neutra: Hacia una econom\u00eda de las acciones f\u00edsicas<\/p>\n<p><strong>\u00a0<\/strong><\/td>\n<td width=\"57\">Sal\u00f3n Pierre Daguet<\/td>\n<\/tr>\n<tr>\n<td width=\"75\"><strong>12:00 am &#8211; 2:00pm<\/strong><\/td>\n<td colspan=\"2\" width=\"476\">Almuerzo<\/td>\n<\/tr>\n<tr>\n<td rowspan=\"3\" width=\"75\"><strong>2:00pm-5:00pm\u00a0<\/strong><\/td>\n<td width=\"419\"><strong>LILIANA MARIA ALZATE CUERVO<\/strong><\/p>\n<p>Laboratorio esc\u00e9nico sobre herramientas de creaci\u00f3n-investigaci\u00f3n<\/td>\n<td width=\"57\">Sal\u00f3n 3<\/td>\n<\/tr>\n<tr>\n<td width=\"419\"><strong>PIERRE YVES JOSEPH LE LOUARN<br \/>\nFABIANA MEDINA GARZON<\/strong><\/p>\n<p><strong>\u00a0<\/strong><\/p>\n<p><strong>Laboratorio- Taller: <\/strong><br \/>\n&#8211; La presencia del actor y su relaci\u00f3n con el p\u00fablico<br \/>\n&#8211; El trabajo sobre la verdad en escena<br \/>\n&#8211; Diferencia entre actuar un papel y ser un papel<\/p>\n<p>&nbsp;<\/td>\n<td width=\"57\">Sal\u00f3n 2<\/td>\n<\/tr>\n<tr>\n<td width=\"419\"><strong>\u00a0<\/strong><\/p>\n<p><strong>CARLOS ROJAS NEIRA<\/strong><\/p>\n<p>-Introducci\u00f3n a la M\u00e1scara Neutra: Hacia una econom\u00eda de las acciones f\u00edsicas<\/p>\n<p><strong>\u00a0<\/strong><\/td>\n<td width=\"57\">Sal\u00f3n Pierre Daguet<\/td>\n<\/tr>\n<tr>\n<td width=\"75\"><strong>6:00pm-8:00pm<\/strong><\/td>\n<td width=\"419\"><strong>Muestra final de los talleres<\/strong><\/td>\n<td width=\"57\">Sal\u00f3n Pierre Daguet<\/td>\n<\/tr>\n<tr>\n<td width=\"75\"><strong>7:00pm- 8:00pm<\/strong><\/td>\n<td width=\"419\"><strong>COCTEL &#8211; presentaci\u00f3n Musical<\/strong><\/td>\n<td width=\"57\">Sal\u00f3n Pierre Daguet<\/td>\n<\/tr>\n<\/tbody>\n<\/table>\n<p>&nbsp;<\/p>\n","protected":false},"excerpt":{"rendered":"<p>El trabajo del actor, la voz y la investigaci\u00f3n teatral ser\u00e1n las tem\u00e1ticas que se abordar\u00e1n en la VI Jornada Internacional de Estudios Teatrales del Caribe, que se realizar\u00e1 el 8 y 9 de octubre en Cartagena, organizada el programa Artes Esc\u00e9nicas de la Instituci\u00f3n Universitaria Bellas\u00a0Artes\u00a0y Ciencias de Bol\u00edvar (Unibac). Este importante evento es un proyecto integrador de promoci\u00f3n y formaci\u00f3n teatral que reunir\u00e1 artistas, formadores y estudiantes del teatro, la danza y el performance de diferentes instituciones especializadas en artes esc\u00e9nicas del pa\u00eds. En esta oportunidad, la Jornada&#8230; <\/p>\n","protected":false},"author":3,"featured_media":32692,"comment_status":"open","ping_status":"closed","sticky":false,"template":"","format":"standard","meta":{"footnotes":"","_links_to":"","_links_to_target":""},"categories":[41,75],"tags":[],"class_list":["post-32690","post","type-post","status-publish","format-standard","has-post-thumbnail","hentry","category-cultura","category-destacada"],"_links":{"self":[{"href":"https:\/\/revistazetta.com\/index.php?rest_route=\/wp\/v2\/posts\/32690","targetHints":{"allow":["GET"]}}],"collection":[{"href":"https:\/\/revistazetta.com\/index.php?rest_route=\/wp\/v2\/posts"}],"about":[{"href":"https:\/\/revistazetta.com\/index.php?rest_route=\/wp\/v2\/types\/post"}],"author":[{"embeddable":true,"href":"https:\/\/revistazetta.com\/index.php?rest_route=\/wp\/v2\/users\/3"}],"replies":[{"embeddable":true,"href":"https:\/\/revistazetta.com\/index.php?rest_route=%2Fwp%2Fv2%2Fcomments&post=32690"}],"version-history":[{"count":0,"href":"https:\/\/revistazetta.com\/index.php?rest_route=\/wp\/v2\/posts\/32690\/revisions"}],"wp:featuredmedia":[{"embeddable":true,"href":"https:\/\/revistazetta.com\/index.php?rest_route=\/wp\/v2\/media\/32692"}],"wp:attachment":[{"href":"https:\/\/revistazetta.com\/index.php?rest_route=%2Fwp%2Fv2%2Fmedia&parent=32690"}],"wp:term":[{"taxonomy":"category","embeddable":true,"href":"https:\/\/revistazetta.com\/index.php?rest_route=%2Fwp%2Fv2%2Fcategories&post=32690"},{"taxonomy":"post_tag","embeddable":true,"href":"https:\/\/revistazetta.com\/index.php?rest_route=%2Fwp%2Fv2%2Ftags&post=32690"}],"curies":[{"name":"wp","href":"https:\/\/api.w.org\/{rel}","templated":true}]}}