{"id":32695,"date":"2019-10-07T22:44:26","date_gmt":"2019-10-08T03:44:26","guid":{"rendered":"http:\/\/www.revistazetta.com\/?p=32695"},"modified":"2019-10-07T22:44:26","modified_gmt":"2019-10-08T03:44:26","slug":"jalonare-inversion-bocachica-concejal-reyes","status":"publish","type":"post","link":"https:\/\/revistazetta.com\/?p=32695","title":{"rendered":"\u201cJalonar\u00e9 inversi\u00f3n para Bocachica\u201d: concejal Reyes"},"content":{"rendered":"<p>El concejal Rodrigo Reyes Pereira recorri\u00f3 junto con su equipo de trabajo y familia la Isla de Bocachica, luego de una invitaci\u00f3n que le hiciera Jos\u00e9 Manuel Castro y su grupo de amigos.<\/p>\n<p>\u201cAl llegar a Bocachica sus habitantes expresaron que llevan m\u00e1s de 20 a\u00f1os sin un puesto de salud, qu\u00e9 hay muchas personas que han fallecido por la falta de este servicio, ya que no cuentan con una lancha equipada. Me compromet\u00ed con ellos a trabajar de la mano y realizar debates, en la corporaci\u00f3n y de esta manera mostrar a trav\u00e9s de face live y otras herramientas tecnol\u00f3gicas la situaci\u00f3n de Bocachica y hacerlas visibles ante el gobierno Distrital y Nacional, en estos cuatro a\u00f1os tocar\u00e9 las puertas del gobierno distrital para que mire hacia este sector\u201d. Indic\u00f3 el concejal Rodrigo Reyes quien aspira a la reelecci\u00f3n.<\/p>\n<p>\u201cTrabajar\u00e9 por Bocachica, he venido hasta aqu\u00ed a ponerme a su disposici\u00f3n y trabajar por ustedes, quiero ser la voz de Bocachica, desde el Concejo Distrital y contribuir con su desarrollo, vamos a mostrar la problem\u00e1tica de la isla a nivel Distrital y nacional as\u00ed como lo hizo el presidente del salvador Nayid Bukele, quien en una reuni\u00f3n de la ONU se tom\u00f3 una fotograf\u00eda, en plena sesi\u00f3n, se\u00f1alando: \u00abLes aseguro que esta &#8216;selfie&#8217; que subir\u00e9 a redes sociales ser\u00e1 vista por m\u00e1s personas que las que est\u00e1n viendo este discurso. Luego de esa fotograf\u00eda demostr\u00f3 la importancia de las redes sociales y que las problem\u00e1ticas se pueden mostrar m\u00e1s a trav\u00e9s de las plataformas digitales\u201d, manifest\u00f3 el concejal.<\/p>\n<p>La esposa del concejal Reyes, Tahis Mart\u00ednez, al dirigirse a la comunidad residente en la isla dijo: \u201cMe siento feliz de estar con ustedes, estamos dispuestos a colaborarles y apoyarlos en lo que necesiten, esta zona insular necesita muchas obras de desarrollo, por eso los invito a que nos apoyen\u201d, enfatiz\u00f3 la esposa del concejal.<\/p>\n<p>Entre l\u00e1grimas Jos\u00e9 Manuel Castro habitante de Bocachica, expres\u00f3 que la comunidad pide a gritos la construcci\u00f3n de un puesto de salud. \u201cMe duele ver c\u00f3mo nuestra gente se muere por falta de atenci\u00f3n hospitalaria\u201d, dijo Jos\u00e9 Manuel Castro m\u00e1s conocido como \u201cEl Ni\u00f1o Castro\u201d, habitante de Bocachica.<\/p>\n<p>El concejal Rodrigo Reyes, quien aspira a la reelecci\u00f3n, manifest\u00f3 su compromiso con la poblaci\u00f3n se\u00f1alando que lo que pueda hacer por la comunidad lo har\u00e1. Reyes Pereira recorri\u00f3 el corregimiento lleg\u00f3 hasta la edificaci\u00f3n donde se iba a construir el puesto de salud, dejando la obra abandonada visit\u00f3 adem\u00e1s el cementerio y recorri\u00f3 las calles.<\/p>\n<p>Entre las necesidades de la comunidad de Bocachica est\u00e1n la construcci\u00f3n de una universidad, servicio de agua potable, construcci\u00f3n de v\u00edas y mejorar la infraestructura del cementerio.<\/p>\n<p><img loading=\"lazy\" decoding=\"async\" class=\"alignnone size-medium wp-image-32697\" src=\"https:\/\/www.revistazetta.com\/wp-content\/uploads\/2019\/10\/PHOTO-2019-10-06-16-09-24-300x200.jpg\" alt=\"\" width=\"300\" height=\"200\" \/><\/p>\n<p>&nbsp;<\/p>\n","protected":false},"excerpt":{"rendered":"<p>El concejal Rodrigo Reyes Pereira recorri\u00f3 junto con su equipo de trabajo y familia la Isla de Bocachica, luego de una invitaci\u00f3n que le hiciera Jos\u00e9 Manuel Castro y su grupo de amigos. \u201cAl llegar a Bocachica sus habitantes expresaron que llevan m\u00e1s de 20 a\u00f1os sin un puesto de salud, qu\u00e9 hay muchas personas que han fallecido por la falta de este servicio, ya que no cuentan con una lancha equipada. Me compromet\u00ed con ellos a trabajar de la mano y realizar debates, en la corporaci\u00f3n y de esta&#8230; <\/p>\n","protected":false},"author":3,"featured_media":32696,"comment_status":"open","ping_status":"closed","sticky":false,"template":"","format":"standard","meta":{"footnotes":"","_links_to":"","_links_to_target":""},"categories":[75,4],"tags":[],"class_list":["post-32695","post","type-post","status-publish","format-standard","has-post-thumbnail","hentry","category-destacada","category-politica"],"_links":{"self":[{"href":"https:\/\/revistazetta.com\/index.php?rest_route=\/wp\/v2\/posts\/32695","targetHints":{"allow":["GET"]}}],"collection":[{"href":"https:\/\/revistazetta.com\/index.php?rest_route=\/wp\/v2\/posts"}],"about":[{"href":"https:\/\/revistazetta.com\/index.php?rest_route=\/wp\/v2\/types\/post"}],"author":[{"embeddable":true,"href":"https:\/\/revistazetta.com\/index.php?rest_route=\/wp\/v2\/users\/3"}],"replies":[{"embeddable":true,"href":"https:\/\/revistazetta.com\/index.php?rest_route=%2Fwp%2Fv2%2Fcomments&post=32695"}],"version-history":[{"count":0,"href":"https:\/\/revistazetta.com\/index.php?rest_route=\/wp\/v2\/posts\/32695\/revisions"}],"wp:featuredmedia":[{"embeddable":true,"href":"https:\/\/revistazetta.com\/index.php?rest_route=\/wp\/v2\/media\/32696"}],"wp:attachment":[{"href":"https:\/\/revistazetta.com\/index.php?rest_route=%2Fwp%2Fv2%2Fmedia&parent=32695"}],"wp:term":[{"taxonomy":"category","embeddable":true,"href":"https:\/\/revistazetta.com\/index.php?rest_route=%2Fwp%2Fv2%2Fcategories&post=32695"},{"taxonomy":"post_tag","embeddable":true,"href":"https:\/\/revistazetta.com\/index.php?rest_route=%2Fwp%2Fv2%2Ftags&post=32695"}],"curies":[{"name":"wp","href":"https:\/\/api.w.org\/{rel}","templated":true}]}}