{"id":32698,"date":"2019-10-07T23:05:50","date_gmt":"2019-10-08T04:05:50","guid":{"rendered":"http:\/\/www.revistazetta.com\/?p=32698"},"modified":"2019-10-07T23:05:50","modified_gmt":"2019-10-08T04:05:50","slug":"santa-rita-llego-la-casa-justicia-movil","status":"publish","type":"post","link":"https:\/\/revistazetta.com\/?p=32698","title":{"rendered":"A Santa Rita lleg\u00f3 la Casa de Justicia M\u00f3vil"},"content":{"rendered":"<p>El programa Casa de Justicia M\u00f3vil de la Secretar\u00eda del Interior y Convivencia Ciudadana contin\u00faa activ\u00e1ndose en diferentes sectores de la ciudad. Recientemente la sede fue la parroquia Santa Rita de Casia, prestando a los visitantes toda una oferta institucional de servicios del Distrito y entidades como ACNUR, ONU MUJERES y USAID.<\/p>\n<p><img loading=\"lazy\" decoding=\"async\" class=\"size-medium wp-image-32700 aligncenter\" src=\"https:\/\/www.revistazetta.com\/wp-content\/uploads\/2019\/10\/WhatsApp-Image-2019-10-07-at-1.53.52-PM-300x200.jpeg\" alt=\"\" width=\"300\" height=\"200\" \/><br \/>\nEn esta oportunidad se cont\u00f3 con la visita de: Mar\u00eda Noel, Directora regional para Am\u00e9rica Latina y el Caribe de ONU Mujeres, y Martha Aponte, subdirectora de USAID Colombia.<\/p>\n<p>Ubicados en la iglesia, diagonal al nuevo mercado sectorial Santa Rita Plaza, se atendi\u00f3 a la poblaci\u00f3n asistente en medicina general, odontolog\u00eda, orientaci\u00f3n jur\u00eddica, rutas de atenci\u00f3n a poblaci\u00f3n migrante y colombianos retornados.<\/p>\n<p>Tambi\u00e9n apoyaron la jornada de Casa de Justicia M\u00f3vil los diferentes programas de la Secretar\u00eda del Interior y Convivencia, programas de la Secretar\u00eda de Participaci\u00f3n Ciudadana y Desarrollo Social, DADIS, Escuela de Gobierno y Liderazgo, entre otras dependencias del Gobierno Distrital.<\/p>\n","protected":false},"excerpt":{"rendered":"<p>El programa Casa de Justicia M\u00f3vil de la Secretar\u00eda del Interior y Convivencia Ciudadana contin\u00faa activ\u00e1ndose en diferentes sectores de la ciudad. Recientemente la sede fue la parroquia Santa Rita de Casia, prestando a los visitantes toda una oferta institucional de servicios del Distrito y entidades como ACNUR, ONU MUJERES y USAID. En esta oportunidad se cont\u00f3 con la visita de: Mar\u00eda Noel, Directora regional para Am\u00e9rica Latina y el Caribe de ONU Mujeres, y Martha Aponte, subdirectora de USAID Colombia. Ubicados en la iglesia, diagonal al nuevo mercado sectorial&#8230; <\/p>\n","protected":false},"author":3,"featured_media":32699,"comment_status":"open","ping_status":"closed","sticky":false,"template":"","format":"standard","meta":{"footnotes":"","_links_to":"","_links_to_target":""},"categories":[75,32],"tags":[],"class_list":["post-32698","post","type-post","status-publish","format-standard","has-post-thumbnail","hentry","category-destacada","category-actualidad-distrito"],"_links":{"self":[{"href":"https:\/\/revistazetta.com\/index.php?rest_route=\/wp\/v2\/posts\/32698","targetHints":{"allow":["GET"]}}],"collection":[{"href":"https:\/\/revistazetta.com\/index.php?rest_route=\/wp\/v2\/posts"}],"about":[{"href":"https:\/\/revistazetta.com\/index.php?rest_route=\/wp\/v2\/types\/post"}],"author":[{"embeddable":true,"href":"https:\/\/revistazetta.com\/index.php?rest_route=\/wp\/v2\/users\/3"}],"replies":[{"embeddable":true,"href":"https:\/\/revistazetta.com\/index.php?rest_route=%2Fwp%2Fv2%2Fcomments&post=32698"}],"version-history":[{"count":0,"href":"https:\/\/revistazetta.com\/index.php?rest_route=\/wp\/v2\/posts\/32698\/revisions"}],"wp:featuredmedia":[{"embeddable":true,"href":"https:\/\/revistazetta.com\/index.php?rest_route=\/wp\/v2\/media\/32699"}],"wp:attachment":[{"href":"https:\/\/revistazetta.com\/index.php?rest_route=%2Fwp%2Fv2%2Fmedia&parent=32698"}],"wp:term":[{"taxonomy":"category","embeddable":true,"href":"https:\/\/revistazetta.com\/index.php?rest_route=%2Fwp%2Fv2%2Fcategories&post=32698"},{"taxonomy":"post_tag","embeddable":true,"href":"https:\/\/revistazetta.com\/index.php?rest_route=%2Fwp%2Fv2%2Ftags&post=32698"}],"curies":[{"name":"wp","href":"https:\/\/api.w.org\/{rel}","templated":true}]}}