{"id":32705,"date":"2019-10-08T06:37:59","date_gmt":"2019-10-08T11:37:59","guid":{"rendered":"http:\/\/www.revistazetta.com\/?p=32705"},"modified":"2019-10-08T06:37:59","modified_gmt":"2019-10-08T11:37:59","slug":"ataques-no-frenaron-favoritismo-vicentico-blel","status":"publish","type":"post","link":"https:\/\/revistazetta.com\/?p=32705","title":{"rendered":"Ataques no frenaron favoritismo de Vicentico Blel"},"content":{"rendered":"<p>La firma Opini\u00f3n y Mercadeo Ltda., registrada ante el Consejo Nacional Electoral, realiz\u00f3 una encuesta de preferencias para Gobernaci\u00f3n de Bol\u00edvar, donde la candidatura de Vicente Blel Scaff se confirma como favorita.<\/p>\n<p>La encuesta se realiz\u00f3 en Cartagena de Indias, con confiabilidad 95% y margen de error 3%, fecha de aplicaci\u00f3n 5 de octubre de 2019, y los resultados son:<\/p>\n<p>No sabe \/ No responde: 55,4%<\/p>\n<p>Vicente Blel Scaff: 18,2%<\/p>\n<p>Blanco: 9,6%<\/p>\n<p>Ninguno 6,3%<\/p>\n<p>Luis Daniel Vargas 4.1%<\/p>\n<p>Hernando Padau\u00ed 3.9%<\/p>\n<p>Horacio Correa 2.5%<\/p>\n<p>La ficha t\u00e9cnica es esta:<\/p>\n<p><img loading=\"lazy\" decoding=\"async\" class=\"wp-image-32708 size-large aligncenter\" src=\"https:\/\/www.revistazetta.com\/wp-content\/uploads\/2019\/10\/Ficha-t\u00e9cnica-1024x768.jpg\" alt=\"\" width=\"1024\" height=\"768\" srcset=\"https:\/\/revistazetta.com\/wp-content\/uploads\/2019\/10\/Ficha-t\u00e9cnica-1024x768.jpg 1024w, https:\/\/revistazetta.com\/wp-content\/uploads\/2019\/10\/Ficha-t\u00e9cnica-400x300.jpg 400w, https:\/\/revistazetta.com\/wp-content\/uploads\/2019\/10\/Ficha-t\u00e9cnica-195x146.jpg 195w, https:\/\/revistazetta.com\/wp-content\/uploads\/2019\/10\/Ficha-t\u00e9cnica-50x37.jpg 50w, https:\/\/revistazetta.com\/wp-content\/uploads\/2019\/10\/Ficha-t\u00e9cnica-100x75.jpg 100w, https:\/\/revistazetta.com\/wp-content\/uploads\/2019\/10\/Ficha-t\u00e9cnica.jpg 1575w\" sizes=\"auto, (max-width: 1024px) 100vw, 1024px\" \/><\/p>\n<p><img loading=\"lazy\" decoding=\"async\" class=\"aligncenter wp-image-32707 size-large\" src=\"https:\/\/www.revistazetta.com\/wp-content\/uploads\/2019\/10\/Ficha-barrios-1024x768.jpg\" alt=\"\" width=\"1024\" height=\"768\" srcset=\"https:\/\/revistazetta.com\/wp-content\/uploads\/2019\/10\/Ficha-barrios-1024x768.jpg 1024w, https:\/\/revistazetta.com\/wp-content\/uploads\/2019\/10\/Ficha-barrios-400x300.jpg 400w, https:\/\/revistazetta.com\/wp-content\/uploads\/2019\/10\/Ficha-barrios-195x146.jpg 195w, https:\/\/revistazetta.com\/wp-content\/uploads\/2019\/10\/Ficha-barrios-50x37.jpg 50w, https:\/\/revistazetta.com\/wp-content\/uploads\/2019\/10\/Ficha-barrios-100x75.jpg 100w, https:\/\/revistazetta.com\/wp-content\/uploads\/2019\/10\/Ficha-barrios.jpg 1575w\" sizes=\"auto, (max-width: 1024px) 100vw, 1024px\" \/><\/p>\n<p>&nbsp;<\/p>\n","protected":false},"excerpt":{"rendered":"<p>La firma Opini\u00f3n y Mercadeo Ltda., registrada ante el Consejo Nacional Electoral, realiz\u00f3 una encuesta de preferencias para Gobernaci\u00f3n de Bol\u00edvar, donde la candidatura de Vicente Blel Scaff se confirma como favorita. La encuesta se realiz\u00f3 en Cartagena de Indias, con confiabilidad 95% y margen de error 3%, fecha de aplicaci\u00f3n 5 de octubre de 2019, y los resultados son: No sabe \/ No responde: 55,4% Vicente Blel Scaff: 18,2% Blanco: 9,6% Ninguno 6,3% Luis Daniel Vargas 4.1% Hernando Padau\u00ed 3.9% Horacio Correa 2.5% La ficha t\u00e9cnica es esta: &nbsp;<\/p>\n","protected":false},"author":3,"featured_media":32706,"comment_status":"open","ping_status":"closed","sticky":false,"template":"","format":"standard","meta":{"footnotes":"","_links_to":"","_links_to_target":""},"categories":[75,4],"tags":[],"class_list":["post-32705","post","type-post","status-publish","format-standard","has-post-thumbnail","hentry","category-destacada","category-politica"],"_links":{"self":[{"href":"https:\/\/revistazetta.com\/index.php?rest_route=\/wp\/v2\/posts\/32705","targetHints":{"allow":["GET"]}}],"collection":[{"href":"https:\/\/revistazetta.com\/index.php?rest_route=\/wp\/v2\/posts"}],"about":[{"href":"https:\/\/revistazetta.com\/index.php?rest_route=\/wp\/v2\/types\/post"}],"author":[{"embeddable":true,"href":"https:\/\/revistazetta.com\/index.php?rest_route=\/wp\/v2\/users\/3"}],"replies":[{"embeddable":true,"href":"https:\/\/revistazetta.com\/index.php?rest_route=%2Fwp%2Fv2%2Fcomments&post=32705"}],"version-history":[{"count":0,"href":"https:\/\/revistazetta.com\/index.php?rest_route=\/wp\/v2\/posts\/32705\/revisions"}],"wp:featuredmedia":[{"embeddable":true,"href":"https:\/\/revistazetta.com\/index.php?rest_route=\/wp\/v2\/media\/32706"}],"wp:attachment":[{"href":"https:\/\/revistazetta.com\/index.php?rest_route=%2Fwp%2Fv2%2Fmedia&parent=32705"}],"wp:term":[{"taxonomy":"category","embeddable":true,"href":"https:\/\/revistazetta.com\/index.php?rest_route=%2Fwp%2Fv2%2Fcategories&post=32705"},{"taxonomy":"post_tag","embeddable":true,"href":"https:\/\/revistazetta.com\/index.php?rest_route=%2Fwp%2Fv2%2Ftags&post=32705"}],"curies":[{"name":"wp","href":"https:\/\/api.w.org\/{rel}","templated":true}]}}