{"id":32709,"date":"2019-10-08T07:53:25","date_gmt":"2019-10-08T12:53:25","guid":{"rendered":"http:\/\/www.revistazetta.com\/?p=32709"},"modified":"2019-10-08T07:53:25","modified_gmt":"2019-10-08T12:53:25","slug":"natalia-eljach-encontro-amor-vecino-le-lanzaba-chocolates-la-ventana-parte-ii","status":"publish","type":"post","link":"https:\/\/revistazetta.com\/?p=32709","title":{"rendered":"Natalia Eljach encontr\u00f3 el amor en el vecino que le lanzaba chocolates por la ventana (Parte II)"},"content":{"rendered":"<p>La campa\u00f1a a la Gobernaci\u00f3n tambi\u00e9n ha representado el momento m\u00e1s dif\u00edcil que ha afrontado el matrimonio Blel Eljach: el esc\u00e1ndalo de audios divulgado por la periodista Vicky D\u00e1vila en WRadio y donde se escucha la voz de su suegro, Vicente Blel Saad.<\/p>\n<p>Fueron 24 horas terribles, reconoce. La emisi\u00f3n de los audios fue a medio d\u00eda, y esa noche no durmieron. Natalia estuvo al lado de su esposo, y vio la manera en que afront\u00f3 el duro momento. El resultado fue el video donde Vico expone su drama, y donde reafirma su compromiso con los bolivarenses.<\/p>\n<p><img loading=\"lazy\" decoding=\"async\" class=\"size-medium wp-image-32714 aligncenter\" src=\"https:\/\/www.revistazetta.com\/wp-content\/uploads\/2019\/10\/Natalia-Eljach-1-300x188.jpg\" alt=\"\" width=\"300\" height=\"188\" \/><\/p>\n<p>Con su esposo sab\u00edan que la carrera hacia la Gobernaci\u00f3n iba a tener sobresaltos, y todo marchaba sobre ruedas, cuando sobrevino esta situaci\u00f3n. Dice que Vico est\u00e1 preparado tanto para encarar estos desaf\u00edos de la vida, como para gobernar por cuatro a\u00f1os para hacer de Bol\u00edvar un departamento l\u00edder.<\/p>\n<p>Son momentos donde la familia es el principal respaldo, y Natalia agradece a Dios las familias unidas en este matrimonio. Dice que sus cu\u00f1adas \u2013Angelina y Nadia- son muy especiales y alcahuetas. De la mam\u00e1 de Vico dice \u201cmi suegra es mi madre\u201d, y recuerda que cuando ten\u00edan alg\u00fan disgusto ella era la que propiciaba el reencuentro. Describe a su suegro como un hombre muy cari\u00f1oso, jovial y c\u00e1lido.<\/p>\n<p><img loading=\"lazy\" decoding=\"async\" class=\"size-medium wp-image-32712 aligncenter\" src=\"https:\/\/www.revistazetta.com\/wp-content\/uploads\/2019\/10\/Natalia-Eljach-5-300x200.jpg\" alt=\"\" width=\"300\" height=\"200\" \/><\/p>\n<p>La intensidad de la campa\u00f1a y la perspectiva clara de una victoria electoral, han representado varias decisiones. Una es posponer la perspectiva de llamar a la cig\u00fce\u00f1a, y otra es sacrificar su trabajo como profesora de preescolar. Ahora sus d\u00edas se mueven entre los compromisos de campa\u00f1a y la terminaci\u00f3n de una maestr\u00eda en trastornos cognitivos y de aprendizaje.<\/p>\n<p>La posibilidad que su esposo sea el pr\u00f3ximo gobernador de Bol\u00edvar es latente, y para ello deber\u00e1n redoblar esfuerzos en la recta final de la campa\u00f1a. Si todo sale seg\u00fan el esfuerzo, el 1\u00ba de enero comenzar\u00e1 un arduo trabajo que se puede resumir en \u201cdejar huella\u201d.<\/p>\n<p><img loading=\"lazy\" decoding=\"async\" class=\"size-medium wp-image-32711 aligncenter\" src=\"https:\/\/www.revistazetta.com\/wp-content\/uploads\/2019\/10\/Natalia-Eljach-3-300x200.jpg\" alt=\"\" width=\"300\" height=\"200\" \/><\/p>\n<p>Como gestora social, y dada su preparaci\u00f3n profesional y su experiencia laboral, considera que las cosas deben tener un prop\u00f3sito, y ella se va a concentrar en el trabajo por la infancia, educaci\u00f3n inclusiva, mujeres, lactancia, salud. Pero, todo a su tiempo. Primero esperar el veredicto de las urnas el 27 de octubre.<\/p>\n<p>Para concluir el di\u00e1logo con Natalia Eljach, le pedimos que como sic\u00f3loga nos hablara de Vicente Antonio Blel Scaff, a quien describe como un \u201chombre complejo, que se protege mucho emocionalmente\u201d. Ese ser\u00e1 el gobernador de Bol\u00edvar 2020-203 si los bolivarenses as\u00ed lo determinan.<\/p>\n<p><img loading=\"lazy\" decoding=\"async\" class=\"size-medium wp-image-32713 aligncenter\" src=\"https:\/\/www.revistazetta.com\/wp-content\/uploads\/2019\/10\/Natalia-Eljach-7-300x200.jpg\" alt=\"\" width=\"300\" height=\"200\" \/><\/p>\n","protected":false},"excerpt":{"rendered":"<p>La campa\u00f1a a la Gobernaci\u00f3n tambi\u00e9n ha representado el momento m\u00e1s dif\u00edcil que ha afrontado el matrimonio Blel Eljach: el esc\u00e1ndalo de audios divulgado por la periodista Vicky D\u00e1vila en WRadio y donde se escucha la voz de su suegro, Vicente Blel Saad. Fueron 24 horas terribles, reconoce. La emisi\u00f3n de los audios fue a medio d\u00eda, y esa noche no durmieron. Natalia estuvo al lado de su esposo, y vio la manera en que afront\u00f3 el duro momento. El resultado fue el video donde Vico expone su drama, y&#8230; <\/p>\n","protected":false},"author":3,"featured_media":32710,"comment_status":"open","ping_status":"closed","sticky":false,"template":"","format":"standard","meta":{"footnotes":"","_links_to":"","_links_to_target":""},"categories":[75,4],"tags":[],"class_list":["post-32709","post","type-post","status-publish","format-standard","has-post-thumbnail","hentry","category-destacada","category-politica"],"_links":{"self":[{"href":"https:\/\/revistazetta.com\/index.php?rest_route=\/wp\/v2\/posts\/32709","targetHints":{"allow":["GET"]}}],"collection":[{"href":"https:\/\/revistazetta.com\/index.php?rest_route=\/wp\/v2\/posts"}],"about":[{"href":"https:\/\/revistazetta.com\/index.php?rest_route=\/wp\/v2\/types\/post"}],"author":[{"embeddable":true,"href":"https:\/\/revistazetta.com\/index.php?rest_route=\/wp\/v2\/users\/3"}],"replies":[{"embeddable":true,"href":"https:\/\/revistazetta.com\/index.php?rest_route=%2Fwp%2Fv2%2Fcomments&post=32709"}],"version-history":[{"count":0,"href":"https:\/\/revistazetta.com\/index.php?rest_route=\/wp\/v2\/posts\/32709\/revisions"}],"wp:featuredmedia":[{"embeddable":true,"href":"https:\/\/revistazetta.com\/index.php?rest_route=\/wp\/v2\/media\/32710"}],"wp:attachment":[{"href":"https:\/\/revistazetta.com\/index.php?rest_route=%2Fwp%2Fv2%2Fmedia&parent=32709"}],"wp:term":[{"taxonomy":"category","embeddable":true,"href":"https:\/\/revistazetta.com\/index.php?rest_route=%2Fwp%2Fv2%2Fcategories&post=32709"},{"taxonomy":"post_tag","embeddable":true,"href":"https:\/\/revistazetta.com\/index.php?rest_route=%2Fwp%2Fv2%2Ftags&post=32709"}],"curies":[{"name":"wp","href":"https:\/\/api.w.org\/{rel}","templated":true}]}}