{"id":32716,"date":"2019-10-09T13:51:35","date_gmt":"2019-10-09T18:51:35","guid":{"rendered":"http:\/\/www.revistazetta.com\/?p=32716"},"modified":"2019-10-09T13:51:35","modified_gmt":"2019-10-09T18:51:35","slug":"unibac-debatiran-los-circuitos-del-arte","status":"publish","type":"post","link":"https:\/\/revistazetta.com\/?p=32716","title":{"rendered":"En Unibac debatir\u00e1n sobre \u201cLos circuitos del arte\u201d"},"content":{"rendered":"<p>Del 10 al 12 de octubre se realizar\u00e1 en Cartagena el XI Congreso Internacional de Arte en el Caribe en el Caribe, organizado la Instituci\u00f3n Universitaria Bellas\u00a0Artes\u00a0y Ciencias de Bol\u00edvar (Unibac).<\/p>\n<p>El Congreso es un espacio de di\u00e1logo y an\u00e1lisis cr\u00edtico que en esta oportunidad tendr\u00e1 como eje central los circuitos del arte, la circulaci\u00f3n tradicional y las nuevas alternativas, la apuesta a la construcci\u00f3n de un discurso a partir de nuevos espacios, la divulgaci\u00f3n de arte y otros aspectos sobre esta tem\u00e1tica.<\/p>\n<p>Como invitados especiales estar\u00e1n Vicente Mart\u00ednez y Elisa de Souza, profesores titulares de la Universidad de Brasilia (Brasil); Yolanda Wood, consultora de arte de la Universidad Nacional de M\u00e9xico (M\u00e9xico), Fredy Alzate y Laura L\u00f3pez, docentes de la Universidad de Antioquia (Colombia), Rodolfo Andaur, profesor titular de la Universidad Adolfo Ib\u00e1\u00f1ez (Chile), y Pablo Almarales, docente de Unibac (Colombia). As\u00ed mismo, Jayder Orsines, director de Plataforma Can\u00edbal y Andr\u00e9s Gait\u00e1n, secretario del departamento de Artes de Ministerio de Cultura de Colombia.<\/p>\n<p><img loading=\"lazy\" decoding=\"async\" class=\"alignright wp-image-32718 size-full\" src=\"https:\/\/www.revistazetta.com\/wp-content\/uploads\/2019\/10\/X-Congreso-Internacional-de-Arte-en-el-Caribe-Post.jpg\" alt=\"\" width=\"365\" height=\"472\" srcset=\"https:\/\/revistazetta.com\/wp-content\/uploads\/2019\/10\/X-Congreso-Internacional-de-Arte-en-el-Caribe-Post.jpg 365w, https:\/\/revistazetta.com\/wp-content\/uploads\/2019\/10\/X-Congreso-Internacional-de-Arte-en-el-Caribe-Post-309x400.jpg 309w, https:\/\/revistazetta.com\/wp-content\/uploads\/2019\/10\/X-Congreso-Internacional-de-Arte-en-el-Caribe-Post-113x146.jpg 113w, https:\/\/revistazetta.com\/wp-content\/uploads\/2019\/10\/X-Congreso-Internacional-de-Arte-en-el-Caribe-Post-39x50.jpg 39w, https:\/\/revistazetta.com\/wp-content\/uploads\/2019\/10\/X-Congreso-Internacional-de-Arte-en-el-Caribe-Post-58x75.jpg 58w\" sizes=\"auto, (max-width: 365px) 100vw, 365px\" \/><\/p>\n<p>Dentro de las tem\u00e1ticas que se abordar\u00e1n est\u00e1n \u201cLa obra de arte en contextos y narrativas m\u00faltiples\u201d, \u201cGesti\u00f3n y digesti\u00f3n: una mirada antropof\u00e1gica a los modelos de gesti\u00f3n comunitaria en el Caribe colombiano\u201d, \u201cArte Musical \u2013 Arte Sonoro: coordenadas, l\u00edmites y distribuciones\u201d, \u201cGestionar desde la geograf\u00eda nuevos desplazamientos\u201d y \u201cEstrategias culturales, el libro de artista como espacio\u201d.<\/p>\n<p>La programaci\u00f3n tambi\u00e9n incluye conciertos, exposiciones, talleres y paneles, abiertos al p\u00fablico. La agenda acad\u00e9mica se desarrollar\u00e1 en el sal\u00f3n Pierre Daguet.<\/p>\n<p>El XI Congreso Internacional de Arte en el Caribe es organizado por el programa de Artes Pl\u00e1sticas de Unibac.<\/p>\n<p>&nbsp;<\/p>\n<p>&nbsp;<\/p>\n<p><strong>Programaci\u00f3n <\/strong><strong>XI Congreso Internacional de Arte en el Caribe<\/strong><\/p>\n<p><strong>\u00a0<\/strong><\/p>\n<p><strong>JUEVES, 10 DE OCTUBRE 2019<\/strong><\/p>\n<p>8:30 a.m. a 9:00 a.m. Inscripciones.<\/p>\n<p>9:00 a.m. a 9:30 am.- Presentaci\u00f3n y bienvenida. Doctora. Estela Barreto \u00c1lvarez, Vicerrectora Acad\u00e9mica \u2013 Unibac.<\/p>\n<p>9:30 a.m. \u00a0a 10:30 am. Ponencia 1. Estrategias culturales, el libro de artista como espacio. Doctor Vicente Mart\u00ednez. Profesor titular de la Universidad de Brasilia &#8211; Brasil.<\/p>\n<p>10:30 a.m. \u00a0a 10:45 am.- Caf\u00e9. Espacio de socializaci\u00f3n.<\/p>\n<p>10:45 a.m. \u00a0a 12:00 am.- Ponencia 2. La obra de arte en contextos y narrativas m\u00faltiples. Doctora Elisa de Souza Mart\u00ednez. Profesora titular de la Universidad de Brasilia &#8211; Brasil.<\/p>\n<p>12:00 p.m. \u00a0a 2:30 p.m.\u00a0 &#8211; Almuerzo<\/p>\n<p>2:30 p.m.\u00a0 \u00a0a 3:30 p.m. \u00a0&#8211; Ponencia 3. Gesti\u00f3n y digesti\u00f3n: una mirada antropof\u00e1gica a los modelos de gesti\u00f3n comunitaria en el Caribe colombiano. Jayder Orsines. Director de Plataforma Can\u00edbal \u2013 Colombia.<\/p>\n<p>3:30 p.m.\u00a0 a 4:00 p.m.\u00a0 &#8211; Caf\u00e9. Espacio de socializaci\u00f3n<\/p>\n<p>4:00 a 5:00 p.m.\u00a0 &#8211; Ponencia 4. Arte Musical \u2013 Arte Sonoro: coordenadas, l\u00edmites y distribuciones.\u00a0 Pablo Almarales, mag\u00edster docente de UNIBAC \u2013 Colombia.<\/p>\n<p>5:00 p.m.\u00a0 a 6:00 p.m. &#8211; Concierto de Guitarras. Lugar: Sal\u00f3n Pierre Daguet.<\/p>\n<p>6:30 p.m. \u00a0a 7:00 p.m. \u00a0\u2013 Apertura de la exposici\u00f3n Fotograf\u00eda Internacional, Kuala Lumpur. Curadur\u00eda: Luz Osorio, Montaje: C\u00e9sar Guti\u00e9rrez Bola\u00f1os, profesor de Unibac. Sal\u00f3n: Pierre Daguet.<\/p>\n<p>7:00 p.m. \u00a0a 8:00 p.m. \u00a0&#8211; Inauguraci\u00f3n de la exposici\u00f3n de Carlos G\u00f3mez Galeano Mag\u00edster en Historia del Arte, profesor de Unibac. Vino de Honor. Patio de las Artes, Unibac. Presenta la exposici\u00f3n Gloria Dur\u00e1n de Bozzi, investigadora, coordinadora del Congreso.<\/p>\n<p>&nbsp;<\/p>\n<p><strong>VIERNES, 11 DE OCTUBRE DE 2019<\/strong><\/p>\n<p>9:30 a.m.\u00a0 \u00a0a 10:30 a.m.\u00a0\u00a0 .- Ponencia 5. El Caribe en el territorio contempor\u00e1neo de la imagen: exposiciones y circuitos. Doctora Yolanda Wood, consultora de Arte en la UNAM M\u00e9xico.<\/p>\n<p>10:30 a.m.\u00a0\u00a0 \u00a0a 10:45 a.m.\u00a0\u00a0 Caf\u00e9. Espacio de socializaci\u00f3n.<\/p>\n<p>10:45 a.m.\u00a0\u00a0 \u00a0a 12:00 p.m.- Ponencia 6. Gestionar desde la geograf\u00eda nuevos desplazamientos. Curadur\u00eda expandida en el desierto de Atacama. Rodolfo Andaur. Profesor titular en la Universidad Adolfo Ib\u00e1\u00f1ez \u2013 Chile.<\/p>\n<p>12:00 p.m. a 2:30 p.m. &#8211; Almuerzo<\/p>\n<p>2:30 p.m. a 3:30 p.m. &#8211; Ponencia 7. La circulaci\u00f3n como estrategia de difusi\u00f3n de las Artes Visuales desde el Ministerio de Cultura. Andr\u00e9s Gait\u00e1n. Secretario del Departamento de Artes Ministerio de Cultura &#8211; Colombia.<\/p>\n<p>3:30 p.m. \u00a0a 3:45 p.m. &#8211; Caf\u00e9. Espacio de socializaci\u00f3n.<\/p>\n<p>4:00 p.m. \u00a0a 5:00 p.m. Ponencia 8. Arcos de Marea. Encuentros de Artes del Caribe. Freddy \u00c1lzate y Laura L\u00f3pez. Profesores titulares Universidad de Antioquia.<\/p>\n<p>3:45 p.m. \u00a0a 5:00 p.m. \u2013 Taller con la Doctora Yolanda Wood.<\/p>\n<p>3:45 p.m. a 5:00 p.m. \u2013 Taller para docentes con el Maestro Rodolfo Andaur.<\/p>\n<p>3:45 p.m. \u00a0a 6:00 p.m. &#8211; Revisi\u00f3n de Portafolios. Con inscripci\u00f3n previa. Sal\u00f3n Miguel Sebasti\u00e1n Guerrero y sal\u00f3n de Tutor\u00edas.<\/p>\n<p>&nbsp;<\/p>\n<p><strong>S\u00c1BADO<\/strong><strong>, 12 DE OCTUBRE DE 2019<\/strong><\/p>\n<p>&nbsp;<\/p>\n<p>9:30 a.m. a 10:30 a.m. Panel de cierre con participaci\u00f3n de ponentes. Moderador: Gustavo Tatis. Periodista y escritor.<\/p>\n<p>10:30 a.m. \u00a0a 11:00 a.m. \u00a0-Dialogo con el p\u00fablico y evaluaci\u00f3n.<\/p>\n<p>11:00 a.m. \u00a0\u00a0a 11:15 a.m. \u00a0-Cierre del Congreso. S\u00edntesis y conclusiones. Carlos G\u00f3mez Galeano. Mag\u00edster Historia del Arte. Profesor de UNIBAC.<\/p>\n<p>&nbsp;<\/p>\n<p><strong>TALLERES<\/strong><\/p>\n<p><strong>Con inscripci\u00f3n previa al correo <\/strong><a href=\"mailto:miluz13@hotmail.com\"><strong>miluz13@hotmail.com<\/strong><\/a><\/p>\n<p>&nbsp;<\/p>\n<p><strong>JUEVES, 10 DE OCTUBRE\u00a0<\/strong><\/p>\n<p>3:00 p.m. a 5:00 p.m. -Taller con el maestro Dr. Vicente Mart\u00ednez Barrios. Sal\u00f3n 28.<\/p>\n<p>3:00 p.m. a 5:00 p.m. -Taller con la maestra Dra. Elisa de Souza Mart\u00ednez. Sal\u00f3n 27.<\/p>\n<p>&nbsp;<\/p>\n<p><strong>REVISI\u00d3N DE PORTAFOLIOS:<\/strong><\/p>\n<p><strong>JUEVES 10 DE OCTUBRE<\/strong><\/p>\n<p>3:45 p.m. a 5:00 p.m. \u2013 Revisi\u00f3n de Portafolios: Dra. Yolanda Wood y Dr. Rodolfo Andaur.<\/p>\n<p><strong>VIERNES 11 DE OCTUBRE<\/strong><\/p>\n<p>3:45 p.m. a 5:00 p.m. \u2013Revisi\u00f3n de Portafolios: Dr. Vicente Mart\u00ednez y Dra. Elisa De Souza Mart\u00ednez.<\/p>\n<p>4:45 p.m. a 6:00 p.m. -Taller para docentes y estudiantes con el maestro Dr. Rodolfo Andaur.<\/p>\n","protected":false},"excerpt":{"rendered":"<p>Del 10 al 12 de octubre se realizar\u00e1 en Cartagena el XI Congreso Internacional de Arte en el Caribe en el Caribe, organizado la Instituci\u00f3n Universitaria Bellas\u00a0Artes\u00a0y Ciencias de Bol\u00edvar (Unibac). El Congreso es un espacio de di\u00e1logo y an\u00e1lisis cr\u00edtico que en esta oportunidad tendr\u00e1 como eje central los circuitos del arte, la circulaci\u00f3n tradicional y las nuevas alternativas, la apuesta a la construcci\u00f3n de un discurso a partir de nuevos espacios, la divulgaci\u00f3n de arte y otros aspectos sobre esta tem\u00e1tica. Como invitados especiales estar\u00e1n Vicente Mart\u00ednez y&#8230; <\/p>\n","protected":false},"author":3,"featured_media":32717,"comment_status":"open","ping_status":"closed","sticky":false,"template":"","format":"standard","meta":{"footnotes":"","_links_to":"","_links_to_target":""},"categories":[41,75],"tags":[],"class_list":["post-32716","post","type-post","status-publish","format-standard","has-post-thumbnail","hentry","category-cultura","category-destacada"],"_links":{"self":[{"href":"https:\/\/revistazetta.com\/index.php?rest_route=\/wp\/v2\/posts\/32716","targetHints":{"allow":["GET"]}}],"collection":[{"href":"https:\/\/revistazetta.com\/index.php?rest_route=\/wp\/v2\/posts"}],"about":[{"href":"https:\/\/revistazetta.com\/index.php?rest_route=\/wp\/v2\/types\/post"}],"author":[{"embeddable":true,"href":"https:\/\/revistazetta.com\/index.php?rest_route=\/wp\/v2\/users\/3"}],"replies":[{"embeddable":true,"href":"https:\/\/revistazetta.com\/index.php?rest_route=%2Fwp%2Fv2%2Fcomments&post=32716"}],"version-history":[{"count":0,"href":"https:\/\/revistazetta.com\/index.php?rest_route=\/wp\/v2\/posts\/32716\/revisions"}],"wp:featuredmedia":[{"embeddable":true,"href":"https:\/\/revistazetta.com\/index.php?rest_route=\/wp\/v2\/media\/32717"}],"wp:attachment":[{"href":"https:\/\/revistazetta.com\/index.php?rest_route=%2Fwp%2Fv2%2Fmedia&parent=32716"}],"wp:term":[{"taxonomy":"category","embeddable":true,"href":"https:\/\/revistazetta.com\/index.php?rest_route=%2Fwp%2Fv2%2Fcategories&post=32716"},{"taxonomy":"post_tag","embeddable":true,"href":"https:\/\/revistazetta.com\/index.php?rest_route=%2Fwp%2Fv2%2Ftags&post=32716"}],"curies":[{"name":"wp","href":"https:\/\/api.w.org\/{rel}","templated":true}]}}