{"id":32719,"date":"2019-10-10T09:22:37","date_gmt":"2019-10-10T14:22:37","guid":{"rendered":"http:\/\/www.revistazetta.com\/?p=32719"},"modified":"2019-10-10T10:06:30","modified_gmt":"2019-10-10T15:06:30","slug":"piezas-del-galeon-san-jose-seran-museo","status":"publish","type":"post","link":"https:\/\/revistazetta.com\/?p=32719","title":{"rendered":"Todas las piezas del gale\u00f3n San Jos\u00e9 ser\u00e1n de museo"},"content":{"rendered":"<div>En 26 de mayo de 2015 se autoriz\u00f3 a la empresa MAC a iniciar la exploraci\u00f3n de un \u00e1rea del caribe Colombiano con el fin de establecer si se ubicaba el sitio del hundimiento del Gale\u00f3n San Jos\u00e9 y para determinar si era procedente su rescate.<\/div>\n<div><\/div>\n<div>El 6 de febrero de 2017 se present\u00f3 el informe final de exploraci\u00f3n del nav\u00edo con las caracter\u00edsticas del Gale\u00f3n San Jos\u00e9, el cual se encuentra en una zona del Caribe colombiano en un buen estado de conservaci\u00f3n, seg\u00fan se aprecia en de las im\u00e1genes conocidas, algunas de ellas publicadas en medios de comunicaci\u00f3n.<\/div>\n<div><\/div>\n<div>De acuerdo con la informaci\u00f3n de la DIMAR, y gracias a las verificaciones realizadas durante los \u00faltimos meses, se ha certificado que este hallazgo se encuentra en coordenadas diferentes y distantes de las denunciadas por Sea Search Armada.<\/div>\n<div><\/div>\n<div>Para realizar el rescate del Gale\u00f3n San Jos\u00e9, durante el Gobierno anterior se dio inicio al proceso de contrataci\u00f3n de una firma especializada para que mediante el sistema de APP realizara el rescate, el tratamiento de las piezas y la construcci\u00f3n y operaci\u00f3n de un Museo lo cual se pagar\u00eda principalmente con piezas rescatadas del mismo gale\u00f3n, siempre que no fueren declaradas como Patrimonio Cultural\u00a0 de la Naci\u00f3n.<\/div>\n<div><\/div>\n<div><strong>\u00a1Para el actual Gobierno, esta f\u00f3rmula de pago es inaceptable! Lo que est\u00e1 en el Gale\u00f3n San Jos\u00e9 puede tener gran valor econ\u00f3mico, pero antes que nada, todas y cada una de las piezas que se rescaten son de enorme e incomparable valor cultural e hist\u00f3rico para Colombia y para el mundo.<\/strong><\/div>\n<div><\/div>\n<div><strong>Su riqueza hist\u00f3rico y cultural no tiene precio y el derecho de los Colombianos a conocer, difundir y preservar este tesoro cultural, no se negocia y no podemos feriarlo por los anticuarios del mundo!!<\/strong><\/div>\n<div><\/div>\n<div>\u00a1El Gale\u00f3n San Jos\u00e9 es \u00fanico e indivisible! En \u00e9l reposa una parte importante y valiosa de nuestra historia y de nuestra trayectoria cultural. All\u00ed en las profundidades del mar no hay solo un mont\u00f3n de ca\u00f1ones, vasijas y joyas ni un pu\u00f1ado de monedas. All\u00ed est\u00e1 una parte de nuestra historia y de la trayectoria del nuevo mundo y jam\u00e1s debe ser despresada.<\/div>\n<div><\/div>\n<div>\u00a1El Gale\u00f3n San Jos\u00e9 est\u00e1 en aguas de Colombia y es de los colombianos! Su rescate solo debe beneficiar a la historia de la humanidad y su rescate debe ser un aporte para el conocimiento y la cultura.<\/div>\n<div><\/div>\n<div>Esto no es solo una convicci\u00f3n, es un asunto de inter\u00e9s p\u00fablico y una obligaci\u00f3n Constitucional que debemos cumplir. La Constituci\u00f3n de Colombia le otorga a nuestro patrimonio cultural una \u201cprotecci\u00f3n constitucional reforzada\u201d que implica que debemos dar un cuidado especial, diferente y superior a nuestro patrimonio arqueol\u00f3gico y al patrimonio cultural. \u00a1Por esta raz\u00f3n constitucional, se debe preferir ante todo preservar todos los bienes que se rescaten en vez de entregarlos para que se vendan en costosas subastas por todo el mundo!<\/div>\n<div><\/div>\n<div>Por todos los anteriores argumentos, el presidente Iv\u00e1n Duque, la vicepresidente Marta Luc\u00eda Ram\u00edrez y la ministra de Cultura Carmen In\u00e9s V\u00e1squez han reiterado varias veces que por el inter\u00e9s p\u00fablico y por nuestras obligaciones Constitucionales y legales nuestro deber es salvaguardar el patrimonio cultural y para eso debemos hacer todos los esfuerzos necesarios tanto en lo econ\u00f3mico y en lo jur\u00eddico nacional como en lo internacional.<\/div>\n<div><\/div>\n<div>El anterior gobierno dej\u00f3 un proceso contractual avanzado y a punto de terminarse. Con el fin de efectuar su revisi\u00f3n jur\u00eddica, el proceso fue suspendido, lapso durante el cual tambi\u00e9n se atendieron m\u00faltiples peticiones formuladas en torno al mismo, entre otras, las presentadas por la veedur\u00eda nacional, para el control social del patrimonio cultural sumergido de Colombia y por la red universitaria de patrimonio cultural sumergido.<\/div>\n<div><\/div>\n<div>Es lamentable que el Gobierno Santos, hubiera pactado el pago con piezas del rescate. En el estudio realizado hemos encontrado que el originador de la APP le insisti\u00f3 al gobierno Santos que se buscara una f\u00f3rmula diferente al pago en especie, pero fue el gobierno anterior el que insisti\u00f3 en pagar con piezas del San Jos\u00e9. <strong>\u00a1No entendemos como prefirieron entregar nuestra historia en vez de protegerla!<\/strong><\/div>\n<div><\/div>\n<div>Por todo lo anterior, dado el inter\u00e9s p\u00fablico y la protecci\u00f3n constitucional reforzada, con base en la ley de patrimonio cultural sumergido y la jurisprudencia vigente, hemos decidido que en los pr\u00f3ximos d\u00edas le presentaremos al Consejo Nacional de Patrimonio Cultural el informe final de la exploraci\u00f3n realizada, con la solicitud de que reconozca al San Jos\u00e9 y todos los elementos del <strong>naufragio como una colecci\u00f3n \u00fanica e indivisible,<\/strong> cuyo testimonio permitir\u00e1 conocer nuestra trayectoria hist\u00f3rica y cultural y por lo tanto, lo <strong>declare como Patrimonio Cultural en su integridad, si despu\u00e9s de analizar el informe de exploraci\u00f3n lo considera pertinente.<\/strong><\/div>\n<div><\/div>\n<div>\u00a1Con esta medida, ni una sola astilla, ni una sola vasija, ni una sola moneda, ni una sola piedra, nada de lo que est\u00e1 en la zona del naufragio, podr\u00e1 ser comercializado!<\/div>\n<div><\/div>\n<div>Frente al proceso contractual y en estricta aplicaci\u00f3n de los par\u00e1metros legales contractuales continuaremos con \u00e9l, pero bajo la premisa de que haremos hasta lo imposible para que ni una pieza de las que se extraigan, pueda ser comercializada. El proceso de extracci\u00f3n y conservaci\u00f3n de las piezas requiere de alta tecnolog\u00eda y ninguna compa\u00f1\u00eda m\u00e1s se present\u00f3 en el proceso.<\/div>\n<div><\/div>\n<div>Los procesos contractuales desde su inicio y hasta su culminaci\u00f3n deben estar sujetos a las normas constitucionales y legales que los rigen en consonancia con los procedimientos democr\u00e1ticos y particularmente los relativos a la protecci\u00f3n del Patrimonio Cultural de la Naci\u00f3n y este Gobierno, como siempre lo ha hecho,\u00a0 respetar\u00e1 la aplicaci\u00f3n de los principios de contrataci\u00f3n p\u00fablica.<\/div>\n<div><\/div>\n<div>Durante los meses precedentes, la Agencia Nacional de Defensa Jur\u00eddica del Estado en su funci\u00f3n de prevenci\u00f3n del da\u00f1o antijur\u00eddico, ha sostenido conversaciones con el originador y este ha manifestado su plena apertura y disponibilidad a encontrar alternativas para mantener el San Jos\u00e9 de manera integral como parte de nuestro patrimonio cultural sin que se comercialice ninguna pieza. En los pr\u00f3ximos d\u00edas se empezar\u00e1n a discutir las alternativas legales correspondientes.<\/div>\n<div><\/div>\n<div>La decisi\u00f3n que hoy se toma no es solo sobre el Gale\u00f3n San Jos\u00e9. Hoy estamos fijando las bases de una pol\u00edtica p\u00fablica clara frente al patrimonio Cultural sumergido. Se calcula que en nuestras costas hay m\u00e1s de 100 naufragios de la \u00e9poca de la Colonia. En ellos est\u00e1 parte de nuestra historia y de nuestra trayectoria cultural, tengan o no riquezas. \u00a1A todos estos naufragios y a los que se encuentren en los r\u00edos y lagunas les\u00a0 daremos la m\u00e1xima protecci\u00f3n posible!<\/div>\n","protected":false},"excerpt":{"rendered":"<p>En 26 de mayo de 2015 se autoriz\u00f3 a la empresa MAC a iniciar la exploraci\u00f3n de un \u00e1rea del caribe Colombiano con el fin de establecer si se ubicaba el sitio del hundimiento del Gale\u00f3n San Jos\u00e9 y para determinar si era procedente su rescate. El 6 de febrero de 2017 se present\u00f3 el informe final de exploraci\u00f3n del nav\u00edo con las caracter\u00edsticas del Gale\u00f3n San Jos\u00e9, el cual se encuentra en una zona del Caribe colombiano en un buen estado de conservaci\u00f3n, seg\u00fan se aprecia en de las&#8230; <\/p>\n","protected":false},"author":3,"featured_media":32722,"comment_status":"open","ping_status":"closed","sticky":false,"template":"","format":"standard","meta":{"footnotes":"","_links_to":"","_links_to_target":""},"categories":[2,75,35],"tags":[],"class_list":["post-32719","post","type-post","status-publish","format-standard","has-post-thumbnail","hentry","category-actualidad","category-destacada","category-actualidad-nacion"],"_links":{"self":[{"href":"https:\/\/revistazetta.com\/index.php?rest_route=\/wp\/v2\/posts\/32719","targetHints":{"allow":["GET"]}}],"collection":[{"href":"https:\/\/revistazetta.com\/index.php?rest_route=\/wp\/v2\/posts"}],"about":[{"href":"https:\/\/revistazetta.com\/index.php?rest_route=\/wp\/v2\/types\/post"}],"author":[{"embeddable":true,"href":"https:\/\/revistazetta.com\/index.php?rest_route=\/wp\/v2\/users\/3"}],"replies":[{"embeddable":true,"href":"https:\/\/revistazetta.com\/index.php?rest_route=%2Fwp%2Fv2%2Fcomments&post=32719"}],"version-history":[{"count":0,"href":"https:\/\/revistazetta.com\/index.php?rest_route=\/wp\/v2\/posts\/32719\/revisions"}],"wp:featuredmedia":[{"embeddable":true,"href":"https:\/\/revistazetta.com\/index.php?rest_route=\/wp\/v2\/media\/32722"}],"wp:attachment":[{"href":"https:\/\/revistazetta.com\/index.php?rest_route=%2Fwp%2Fv2%2Fmedia&parent=32719"}],"wp:term":[{"taxonomy":"category","embeddable":true,"href":"https:\/\/revistazetta.com\/index.php?rest_route=%2Fwp%2Fv2%2Fcategories&post=32719"},{"taxonomy":"post_tag","embeddable":true,"href":"https:\/\/revistazetta.com\/index.php?rest_route=%2Fwp%2Fv2%2Ftags&post=32719"}],"curies":[{"name":"wp","href":"https:\/\/api.w.org\/{rel}","templated":true}]}}