{"id":32746,"date":"2019-10-10T10:02:50","date_gmt":"2019-10-10T15:02:50","guid":{"rendered":"http:\/\/www.revistazetta.com\/?p=32746"},"modified":"2019-10-10T15:03:28","modified_gmt":"2019-10-10T20:03:28","slug":"dolor-desconcierto-muerte-juan-camilo-romero-lopez","status":"publish","type":"post","link":"https:\/\/revistazetta.com\/?p=32746","title":{"rendered":"Dolor y desconcierto por muerte de Juan Camilo Romero L\u00f3pez"},"content":{"rendered":"<p><img loading=\"lazy\" decoding=\"async\" class=\"size-medium wp-image-32748 alignright\" src=\"https:\/\/www.revistazetta.com\/wp-content\/uploads\/2019\/10\/Juan-Camilo-Romero-column-240x300.jpg\" alt=\"\" width=\"240\" height=\"300\" \/>Con profunda tristeza Revista Zetta informa sobre la muerte del abogado Juan Camilo Romero L\u00f3pez, habitual colaborador editorial de este medio.<\/p>\n<p>La primeras informaciones se\u00f1alan que este mi\u00e9rcoles en la noche se dirig\u00eda a una regi\u00f3n pol\u00edtica en Bayunca, y en el kil\u00f3metro 13 + 500 de la v\u00eda que conduce de Cartagena a ese corregimiento, el veh\u00edculo Nissan de placas BPR406 se sali\u00f3 de la v\u00eda y cay\u00f3 a una cuneta, con el desenlace fatal para nuestro amigo y columnista. Dada la oscuridad y lo solitario del paraje, solo este jueves en la madrugada un transe\u00fante dio aviso a las autoridades sobre el cuerpo de una persona fallecida aprisionado dentro de un veh\u00edculo.<\/p>\n<p>Juan Camilo abri\u00f3 un nuevo cap\u00edtulo profesional que este a\u00f1o lo llev\u00f3 a alternar su sede de trabajo entre Cartagena y Barranquilla, a la par que mantuvo su intenso liderazgo pol\u00edtico y de opini\u00f3n.<\/p>\n<p>A sus familiares les extendemos nuestro abrazo solidario en estos momentos de dolor, y rogamos al Alt\u00edsimo tenerlo siempre en su gloria. Oramos por el alma de Juan Camilo Romero L\u00f3pez.<\/p>\n<div>Para recordar al amigo y al l\u00edder de opini\u00f3n, enviamos la \u00faltima columna de Juan Camilo Romero L\u00f3pez publicada el pasado 29 de septiembre, titulada \u00abCoherencia y disciplina\u00bb.<\/div>\n<div><\/div>\n<div><b>Coherencia y disciplina &#8211; Opini\u00f3n de Juan Camilo Romero<\/b><\/div>\n<div><a id=\"m_-953179088785204121gmail-sample-permalink\" href=\"https:\/\/www.revistazetta.com\/?p=32554\" target=\"_blank\" rel=\"noopener\" data-saferedirecturl=\"https:\/\/www.google.com\/url?q=https:\/\/www.revistazetta.com\/?p%3D32554&amp;source=gmail&amp;ust=1570806407873000&amp;usg=AFQjCNEtURbZrBFFxRN5hSlUo_5H02VW-A\">https:\/\/www.revistazetta.com\/?<wbr \/>p=32554<\/a><\/div>\n<div><\/div>\n<div><img loading=\"lazy\" decoding=\"async\" class=\"aligncenter wp-image-32555 size-large\" src=\"https:\/\/www.revistazetta.com\/wp-content\/uploads\/2019\/09\/Opina-JuanCamilo-coherencia-1024x640.jpg\" alt=\"\" width=\"1024\" height=\"640\" srcset=\"https:\/\/revistazetta.com\/wp-content\/uploads\/2019\/09\/Opina-JuanCamilo-coherencia.jpg 1024w, https:\/\/revistazetta.com\/wp-content\/uploads\/2019\/09\/Opina-JuanCamilo-coherencia-400x250.jpg 400w, https:\/\/revistazetta.com\/wp-content\/uploads\/2019\/09\/Opina-JuanCamilo-coherencia-234x146.jpg 234w, https:\/\/revistazetta.com\/wp-content\/uploads\/2019\/09\/Opina-JuanCamilo-coherencia-50x31.jpg 50w, https:\/\/revistazetta.com\/wp-content\/uploads\/2019\/09\/Opina-JuanCamilo-coherencia-120x75.jpg 120w\" sizes=\"auto, (max-width: 1024px) 100vw, 1024px\" \/><\/div>\n","protected":false},"excerpt":{"rendered":"<p>Con profunda tristeza Revista Zetta informa sobre la muerte del abogado Juan Camilo Romero L\u00f3pez, habitual colaborador editorial de este medio. La primeras informaciones se\u00f1alan que este mi\u00e9rcoles en la noche se dirig\u00eda a una regi\u00f3n pol\u00edtica en Bayunca, y en el kil\u00f3metro 13 + 500 de la v\u00eda que conduce de Cartagena a ese corregimiento, el veh\u00edculo Nissan de placas BPR406 se sali\u00f3 de la v\u00eda y cay\u00f3 a una cuneta, con el desenlace fatal para nuestro amigo y columnista. Dada la oscuridad y lo solitario del paraje, solo&#8230; <\/p>\n","protected":false},"author":3,"featured_media":32747,"comment_status":"open","ping_status":"closed","sticky":false,"template":"","format":"standard","meta":{"footnotes":"","_links_to":"","_links_to_target":""},"categories":[2,75],"tags":[],"class_list":["post-32746","post","type-post","status-publish","format-standard","has-post-thumbnail","hentry","category-actualidad","category-destacada"],"_links":{"self":[{"href":"https:\/\/revistazetta.com\/index.php?rest_route=\/wp\/v2\/posts\/32746","targetHints":{"allow":["GET"]}}],"collection":[{"href":"https:\/\/revistazetta.com\/index.php?rest_route=\/wp\/v2\/posts"}],"about":[{"href":"https:\/\/revistazetta.com\/index.php?rest_route=\/wp\/v2\/types\/post"}],"author":[{"embeddable":true,"href":"https:\/\/revistazetta.com\/index.php?rest_route=\/wp\/v2\/users\/3"}],"replies":[{"embeddable":true,"href":"https:\/\/revistazetta.com\/index.php?rest_route=%2Fwp%2Fv2%2Fcomments&post=32746"}],"version-history":[{"count":0,"href":"https:\/\/revistazetta.com\/index.php?rest_route=\/wp\/v2\/posts\/32746\/revisions"}],"wp:featuredmedia":[{"embeddable":true,"href":"https:\/\/revistazetta.com\/index.php?rest_route=\/wp\/v2\/media\/32747"}],"wp:attachment":[{"href":"https:\/\/revistazetta.com\/index.php?rest_route=%2Fwp%2Fv2%2Fmedia&parent=32746"}],"wp:term":[{"taxonomy":"category","embeddable":true,"href":"https:\/\/revistazetta.com\/index.php?rest_route=%2Fwp%2Fv2%2Fcategories&post=32746"},{"taxonomy":"post_tag","embeddable":true,"href":"https:\/\/revistazetta.com\/index.php?rest_route=%2Fwp%2Fv2%2Ftags&post=32746"}],"curies":[{"name":"wp","href":"https:\/\/api.w.org\/{rel}","templated":true}]}}