{"id":32752,"date":"2019-10-10T15:38:13","date_gmt":"2019-10-10T20:38:13","guid":{"rendered":"http:\/\/www.revistazetta.com\/?p=32752"},"modified":"2019-10-10T15:44:15","modified_gmt":"2019-10-10T20:44:15","slug":"libardo-simancas-retiro-respaldo-padaui-tapia-arjona-esta-vicentico-guardo","status":"publish","type":"post","link":"https:\/\/revistazetta.com\/?p=32752","title":{"rendered":"Libardo Simancas retir\u00f3 respaldo a Padau\u00ed y Tapia en Arjona, y est\u00e1 con Vicentico y Guardo"},"content":{"rendered":"<p>El exgobernador de Bol\u00edvar Libardo Simancas Torres oficializ\u00f3 su realinderamiento pol\u00edtico en Arjona, al dejar atr\u00e1s las candidaturas de Hernando Padau\u00ed a la Gobernaci\u00f3n y Sigfrido Tapias a la Alcald\u00eda municipal, y pasar a respaldar las de Vicentico Blel Scaff y Rodrigo Guardo Reyes, respectivamente.<\/p>\n<p>En el caso del retiro del respaldo a la candidatura de Padau\u00ed, se supo que se debe a un alejamiento paulatino del candidato con sus aliados y cierre de canales comunicativos, as\u00ed como de una revisi\u00f3n program\u00e1tica donde los planteamientos de Blel Scaff corresponden a una visi\u00f3n m\u00e1s aterrizara de la realidad de la provincia bolivarense.<\/p>\n<p>Respecto de Tapia, su candidatura no encontr\u00f3 el eco dentro de la comunidad, mientras que Guardo Reyes ha crecido en aceptaci\u00f3n, y tendi\u00f3 puentes con el sector que orienta Simancas Torres para lograr un entendimiento program\u00e1tico.<\/p>\n<p>El hijo del exgobernador Simancas es el diputado Libardo Antonio Simancas Guardo, quien aspira a la reelecci\u00f3n como en la Asamblea Departamental por el partido Cambio Radical, colectividad que aval\u00f3 a Padau\u00ed.<\/p>\n<p><img loading=\"lazy\" decoding=\"async\" class=\"alignnone size-medium wp-image-32753\" src=\"https:\/\/www.revistazetta.com\/wp-content\/uploads\/2019\/10\/Libar-1-300x197.jpeg\" alt=\"\" width=\"300\" height=\"197\" \/><\/p>\n","protected":false},"excerpt":{"rendered":"<p>El exgobernador de Bol\u00edvar Libardo Simancas Torres oficializ\u00f3 su realinderamiento pol\u00edtico en Arjona, al dejar atr\u00e1s las candidaturas de Hernando Padau\u00ed a la Gobernaci\u00f3n y Sigfrido Tapias a la Alcald\u00eda municipal, y pasar a respaldar las de Vicentico Blel Scaff y Rodrigo Guardo Reyes, respectivamente. En el caso del retiro del respaldo a la candidatura de Padau\u00ed, se supo que se debe a un alejamiento paulatino del candidato con sus aliados y cierre de canales comunicativos, as\u00ed como de una revisi\u00f3n program\u00e1tica donde los planteamientos de Blel Scaff corresponden a&#8230; <\/p>\n","protected":false},"author":3,"featured_media":32754,"comment_status":"open","ping_status":"closed","sticky":false,"template":"","format":"standard","meta":{"footnotes":"","_links_to":"","_links_to_target":""},"categories":[75,80],"tags":[],"class_list":["post-32752","post","type-post","status-publish","format-standard","has-post-thumbnail","hentry","category-destacada","category-region"],"_links":{"self":[{"href":"https:\/\/revistazetta.com\/index.php?rest_route=\/wp\/v2\/posts\/32752","targetHints":{"allow":["GET"]}}],"collection":[{"href":"https:\/\/revistazetta.com\/index.php?rest_route=\/wp\/v2\/posts"}],"about":[{"href":"https:\/\/revistazetta.com\/index.php?rest_route=\/wp\/v2\/types\/post"}],"author":[{"embeddable":true,"href":"https:\/\/revistazetta.com\/index.php?rest_route=\/wp\/v2\/users\/3"}],"replies":[{"embeddable":true,"href":"https:\/\/revistazetta.com\/index.php?rest_route=%2Fwp%2Fv2%2Fcomments&post=32752"}],"version-history":[{"count":0,"href":"https:\/\/revistazetta.com\/index.php?rest_route=\/wp\/v2\/posts\/32752\/revisions"}],"wp:featuredmedia":[{"embeddable":true,"href":"https:\/\/revistazetta.com\/index.php?rest_route=\/wp\/v2\/media\/32754"}],"wp:attachment":[{"href":"https:\/\/revistazetta.com\/index.php?rest_route=%2Fwp%2Fv2%2Fmedia&parent=32752"}],"wp:term":[{"taxonomy":"category","embeddable":true,"href":"https:\/\/revistazetta.com\/index.php?rest_route=%2Fwp%2Fv2%2Fcategories&post=32752"},{"taxonomy":"post_tag","embeddable":true,"href":"https:\/\/revistazetta.com\/index.php?rest_route=%2Fwp%2Fv2%2Ftags&post=32752"}],"curies":[{"name":"wp","href":"https:\/\/api.w.org\/{rel}","templated":true}]}}