{"id":32756,"date":"2019-10-10T16:09:51","date_gmt":"2019-10-10T21:09:51","guid":{"rendered":"http:\/\/www.revistazetta.com\/?p=32756"},"modified":"2019-10-10T16:09:51","modified_gmt":"2019-10-10T21:09:51","slug":"erich-pina-brios-renovados-la-reeleccion-concejo","status":"publish","type":"post","link":"https:\/\/revistazetta.com\/?p=32756","title":{"rendered":"Erich Pi\u00f1a: Br\u00edos renovados para la reelecci\u00f3n en el Concejo"},"content":{"rendered":"<p><img loading=\"lazy\" decoding=\"async\" class=\"size-medium wp-image-32761 aligncenter\" src=\"https:\/\/www.revistazetta.com\/wp-content\/uploads\/2019\/10\/Pi\u00f1a-6-300x188.jpeg\" alt=\"\" width=\"300\" height=\"188\" \/><\/p>\n<p>&nbsp;<\/p>\n<p>Una reingenier\u00eda pol\u00edtica a fondo es la que activ\u00f3 el concejal Erich Pi\u00f1a para potenciar su plataforma y aspirar a la reelecci\u00f3n en el Concejo.<\/p>\n<p>Una nueva estructura, liderazgos renovados y un trabajo sistem\u00e1tico en comunidades son los elementos claves para su segunda postulaci\u00f3n, en la que espera superar la votaci\u00f3n alcanzada hace cuatro a\u00f1os, y colocarse en la cima del partido Liberal.<\/p>\n<p>Los retos que encar\u00f3 en materia jur\u00eddica y el receso en su curul fueron tomados como una gran oportunidad para reordenar toda la estructura pol\u00edtica, lo que ha generado una sinerg\u00eda de nuevas alianzas, de tal consistencia que le permiten avizorar la reelecci\u00f3n este 27 de octubre.<\/p>\n<div>En la recta final de la campa\u00f1a, Pi\u00f1a ha recordado a todos sus simpatizantes la forma correcta de buscarlo en el tarjet\u00f3n de Concejo, marcar el partido Liberal y marcar la casilla 16.<\/div>\n<div><\/div>\n<div><img loading=\"lazy\" decoding=\"async\" class=\"alignnone size-medium wp-image-32762\" src=\"https:\/\/www.revistazetta.com\/wp-content\/uploads\/2019\/10\/Pi\u00f1a-7-300x188.jpeg\" alt=\"\" width=\"300\" height=\"188\" \/><\/div>\n<div><\/div>\n<div><img loading=\"lazy\" decoding=\"async\" class=\"alignnone size-medium wp-image-32757\" src=\"https:\/\/www.revistazetta.com\/wp-content\/uploads\/2019\/10\/Pi\u00f1a-1-300x188.jpeg\" alt=\"\" width=\"300\" height=\"188\" \/><\/div>\n<div><img loading=\"lazy\" decoding=\"async\" class=\"alignnone size-medium wp-image-32759\" src=\"https:\/\/www.revistazetta.com\/wp-content\/uploads\/2019\/10\/Pi\u00f1a-3-300x188.jpeg\" alt=\"\" width=\"300\" height=\"188\" \/><\/div>\n<div><\/div>\n","protected":false},"excerpt":{"rendered":"<p>&nbsp; Una reingenier\u00eda pol\u00edtica a fondo es la que activ\u00f3 el concejal Erich Pi\u00f1a para potenciar su plataforma y aspirar a la reelecci\u00f3n en el Concejo. Una nueva estructura, liderazgos renovados y un trabajo sistem\u00e1tico en comunidades son los elementos claves para su segunda postulaci\u00f3n, en la que espera superar la votaci\u00f3n alcanzada hace cuatro a\u00f1os, y colocarse en la cima del partido Liberal. Los retos que encar\u00f3 en materia jur\u00eddica y el receso en su curul fueron tomados como una gran oportunidad para reordenar toda la estructura pol\u00edtica, lo&#8230; <\/p>\n","protected":false},"author":3,"featured_media":32763,"comment_status":"open","ping_status":"closed","sticky":false,"template":"","format":"standard","meta":{"footnotes":"","_links_to":"","_links_to_target":""},"categories":[75,4],"tags":[],"class_list":["post-32756","post","type-post","status-publish","format-standard","has-post-thumbnail","hentry","category-destacada","category-politica"],"_links":{"self":[{"href":"https:\/\/revistazetta.com\/index.php?rest_route=\/wp\/v2\/posts\/32756","targetHints":{"allow":["GET"]}}],"collection":[{"href":"https:\/\/revistazetta.com\/index.php?rest_route=\/wp\/v2\/posts"}],"about":[{"href":"https:\/\/revistazetta.com\/index.php?rest_route=\/wp\/v2\/types\/post"}],"author":[{"embeddable":true,"href":"https:\/\/revistazetta.com\/index.php?rest_route=\/wp\/v2\/users\/3"}],"replies":[{"embeddable":true,"href":"https:\/\/revistazetta.com\/index.php?rest_route=%2Fwp%2Fv2%2Fcomments&post=32756"}],"version-history":[{"count":0,"href":"https:\/\/revistazetta.com\/index.php?rest_route=\/wp\/v2\/posts\/32756\/revisions"}],"wp:featuredmedia":[{"embeddable":true,"href":"https:\/\/revistazetta.com\/index.php?rest_route=\/wp\/v2\/media\/32763"}],"wp:attachment":[{"href":"https:\/\/revistazetta.com\/index.php?rest_route=%2Fwp%2Fv2%2Fmedia&parent=32756"}],"wp:term":[{"taxonomy":"category","embeddable":true,"href":"https:\/\/revistazetta.com\/index.php?rest_route=%2Fwp%2Fv2%2Fcategories&post=32756"},{"taxonomy":"post_tag","embeddable":true,"href":"https:\/\/revistazetta.com\/index.php?rest_route=%2Fwp%2Fv2%2Ftags&post=32756"}],"curies":[{"name":"wp","href":"https:\/\/api.w.org\/{rel}","templated":true}]}}