{"id":3276,"date":"2014-10-10T07:35:19","date_gmt":"2014-10-10T12:35:19","guid":{"rendered":"http:\/\/www.revistazetta.com\/?p=3276"},"modified":"2014-10-10T07:35:19","modified_gmt":"2014-10-10T12:35:19","slug":"el-general-invierno-opinion-de-miguel-raad-h","status":"publish","type":"post","link":"https:\/\/revistazetta.com\/?p=3276","title":{"rendered":"El general invierno &#8211; Opini\u00f3n de Miguel Raad H."},"content":{"rendered":"<p><span style=\"line-height: 1.5em\">Fue Napole\u00f3n, el Grande, quien en la campa\u00f1a militar de 1812 quiso conquistar Rusia en la estaci\u00f3n fr\u00eda o invernal. Sin embargo, sus ej\u00e9rcitos no pudieron llegar, siquiera, a sitiar una ciudad. Los estragos que el fr\u00edo, la lluvia y la nieve produjeron en sus tropas fueron tales, que al recio y genial militar no le qued\u00f3 m\u00e1s salida que la retirada con sus diezmadas fuerzas. Fue entonces cuando al explicar su fracaso dijo \u00abnos derrot\u00f3 el General Invierno\u00bb. Pero no fue al \u00fanico militar al que le toc\u00f3 soportar los embates del fr\u00edo, la lluvia, la nieve, los vientos, etc que vienen con el invierno. La historia militar nos recuerda que a Hitler le pas\u00f3 lo mismo en la II Segunda Guerra Mundial, tambi\u00e9n en la campa\u00f1a contra Rusia; a las fuerzas de los aliados tambi\u00e9n casi los lleva al fracaso en el D\u00eda D, en la toma de Normand\u00eda;\u00a0 y al mismo Libertador Sim\u00f3n Bol\u00edvar, al cruzar el P\u00e1ramo de Pisba durante la Campa\u00f1a Libertadora, le fue diezmado su ej\u00e9rcito por los rigores clim\u00e1ticos.<\/span><\/p>\n<p>&nbsp;<\/p>\n<p>Pues bien, utilizo el s\u00edmil para referirme a la llegada del invierno a nuestra regi\u00f3n y a nuestro pa\u00eds. Ya empezamos a sufrir las consecuencias de las inundaciones, que antes se daban s\u00f3lo en los sectores ribere\u00f1os y en las cuencas de nuestros r\u00edos, pero que ahora se dan en las grandes ciudades por muy alejadas de estos que se encuentren. Los arroyos urbanos que destruyen y arrasan todo a su paso, llev\u00e1ndose inclusive vidas humanas, ya no son un fen\u00f3meno exclusivo de la ciudad de Barranquilla. Ya tenemos esos arroyos en la mayor\u00eda de nuestras ciudades. Los tornados o vendavales se repiten por todos lados y sus consecuencias de casas destechadas, \u00e1rboles tumbados, postes y cables el\u00e9ctricos en el suelo, etc., son ahora frecuentes hasta en las grandes urbes colombianas. Los ca\u00f1os y canales taponados o desbordados inundando nuestros barrios y las veloces y violentas escorrent\u00edas por las llamadas calles canales, se han convertido en el nuevo azote de nuestros ciudadanos y sus propiedades. En Cartagena los desbordamientos de\u00a0 la Ci\u00e9naga de la Virgen y del sistema de ca\u00f1os, lagos y lagunas interiores, as\u00ed como de la bah\u00eda de nuestra ciudad, son tambi\u00e9n consecuencia del cambio clim\u00e1tico y del invierno.<\/p>\n<p>&nbsp;<\/p>\n<p>A qu\u00e9 se debe todo este pandem\u00f3nium? \u00danicamente a la acci\u00f3n humana y de los gobiernos. El cambio clim\u00e1tico del que tanto o\u00edmos es una realidad consecuencia de la destrucci\u00f3n del planeta por el hombre. Las enormes cantidades de cemento con que construimos calles y carreteras, impiden la percolaci\u00f3n de las aguas. La construcci\u00f3n de v\u00edas sin alcantarillado pluvial es un atentado contra los ciudadanos. Las asentamientos en zonas de alto riesgo y las invasiones de terrenos desocupados sin ninguna infraestructura, tambi\u00e9n son otro factor de desastres anunciados. La negligencia en Cartagena para la construcci\u00f3n, ampliaci\u00f3n y optimizaci\u00f3n de todo el sistema de drenajes pluviales, prometido desde hace por lo menos tres o cuatro administraciones, es otra causa de mayores males.<\/p>\n<p>&nbsp;<\/p>\n<p>Decir que es urgente y prioritario que los gobiernos se apliquen a las obras de mitigaci\u00f3n del cambio clim\u00e1tico, o a subsanar las deficiencias de la infraestructura actual, o a dise\u00f1ar, financiar, administrar y operar una eficaz pol\u00edtica de Control y Mitigaci\u00f3n de Riesgos, como los obliga la ley; o que es mandatorio un re- ordenamiento del territorio a\u00a0 trav\u00e9s de un nuevo POT; o decir cosas obvias, como que no deben hacerse m\u00e1s v\u00edas sin alcantarillado pluvial o que debe licitarse y adjudicarse urgentemente\u00a0 la optimizaci\u00f3n del sistema de drenajes pluviales, es ya una perogrullada.<\/p>\n<p>&nbsp;<\/p>\n<p>S\u00ed nuestros gobernantes no asumen sus deberes con efectividad, si no se ponen al frente de la situaci\u00f3n con oportunidad y responsabilidad,\u00a0 si los ciudadanos no contribuimos a la conservaci\u00f3n del planeta, el general invierno seguir\u00e1 al mando y gan\u00e1ndonos todas las batallas.<\/p>\n<p>&nbsp;<\/p>\n<p>COLETILLA: Cuando Dios quiso castigar a la humanidad por sus muchos pecados, le envi\u00f3 el diluvio universal. Que no nos hagamos castigar de nuevo por nuestro pecados contra el planeta tierra.<\/p>\n<p>Cartagena, Octubre 9 de 2014<\/p>\n","protected":false},"excerpt":{"rendered":"<p>Fue Napole\u00f3n, el Grande, quien en la campa\u00f1a militar de 1812 quiso conquistar Rusia en la estaci\u00f3n fr\u00eda o invernal. Sin embargo, sus ej\u00e9rcitos no pudieron llegar, siquiera, a sitiar una ciudad. Los estragos que el fr\u00edo, la lluvia y la nieve produjeron en sus tropas fueron tales, que al recio y genial militar no le qued\u00f3 m\u00e1s salida que la retirada con sus diezmadas fuerzas. Fue entonces cuando al explicar su fracaso dijo \u00abnos derrot\u00f3 el General Invierno\u00bb. Pero no fue al \u00fanico militar al que le toc\u00f3 soportar&#8230; <\/p>\n","protected":false},"author":4,"featured_media":3278,"comment_status":"closed","ping_status":"closed","sticky":false,"template":"","format":"standard","meta":{"footnotes":"","_links_to":"","_links_to_target":""},"categories":[44,65],"tags":[],"class_list":["post-3276","post","type-post","status-publish","format-standard","has-post-thumbnail","hentry","category-materiagris","category-opinion"],"_links":{"self":[{"href":"https:\/\/revistazetta.com\/index.php?rest_route=\/wp\/v2\/posts\/3276","targetHints":{"allow":["GET"]}}],"collection":[{"href":"https:\/\/revistazetta.com\/index.php?rest_route=\/wp\/v2\/posts"}],"about":[{"href":"https:\/\/revistazetta.com\/index.php?rest_route=\/wp\/v2\/types\/post"}],"author":[{"embeddable":true,"href":"https:\/\/revistazetta.com\/index.php?rest_route=\/wp\/v2\/users\/4"}],"replies":[{"embeddable":true,"href":"https:\/\/revistazetta.com\/index.php?rest_route=%2Fwp%2Fv2%2Fcomments&post=3276"}],"version-history":[{"count":0,"href":"https:\/\/revistazetta.com\/index.php?rest_route=\/wp\/v2\/posts\/3276\/revisions"}],"wp:featuredmedia":[{"embeddable":true,"href":"https:\/\/revistazetta.com\/index.php?rest_route=\/wp\/v2\/media\/3278"}],"wp:attachment":[{"href":"https:\/\/revistazetta.com\/index.php?rest_route=%2Fwp%2Fv2%2Fmedia&parent=3276"}],"wp:term":[{"taxonomy":"category","embeddable":true,"href":"https:\/\/revistazetta.com\/index.php?rest_route=%2Fwp%2Fv2%2Fcategories&post=3276"},{"taxonomy":"post_tag","embeddable":true,"href":"https:\/\/revistazetta.com\/index.php?rest_route=%2Fwp%2Fv2%2Ftags&post=3276"}],"curies":[{"name":"wp","href":"https:\/\/api.w.org\/{rel}","templated":true}]}}