{"id":32768,"date":"2019-10-11T08:44:38","date_gmt":"2019-10-11T13:44:38","guid":{"rendered":"http:\/\/www.revistazetta.com\/?p=32768"},"modified":"2019-10-11T08:44:38","modified_gmt":"2019-10-11T13:44:38","slug":"triunfante-gira-jorge-rodriguez-sosa-campana-la-asamblea","status":"publish","type":"post","link":"https:\/\/revistazetta.com\/?p=32768","title":{"rendered":"Triunfante gira de Jorge Rodr\u00edguez Sosa en su campa\u00f1a a la Asamblea"},"content":{"rendered":"<p><img loading=\"lazy\" decoding=\"async\" class=\"size-medium wp-image-32771 alignright\" src=\"https:\/\/www.revistazetta.com\/wp-content\/uploads\/2019\/10\/Sosa-3-300x200.jpeg\" alt=\"\" width=\"300\" height=\"200\" \/>El candidato a la Asamblea Departamental Jorge Rodr\u00edguez Sosa estuvo de gira por el corregimiento de Tacamochito en el municipio de C\u00f3rdoba donde fue recibido por un grupo de amigos quienes manifestaron su apoyo y respaldo para esta nueva candidatura 2020-2023. Tambi\u00e9n visit\u00f3 municipio de Arroyohondo donde expuso sus propuesta hacia el desarrollo integral del campo y escucho las necesidades de la comunidad quieren requieren m\u00e1s inversi\u00f3n e salud, educaci\u00f3n y v\u00edas.<\/p>\n<p>El diputado Jorge Rodr\u00edguez Sosa lleva tres periodos en la Asamblea Departamental de Bol\u00edvar, a trav\u00e9s de su experiencia y amplio conocimiento en el departamento ha trabajado por el bienestar de los bolivarenses y cartageneros, hoy aspira a su cuarto periodo.<\/p>\n<p>Durante este nuevo cuatre\u00f1o Rodr\u00edguez Sosa, direccionar\u00e1 su plan de trabajo hacia el campo bolivarense donde velar\u00e1 porque se cumpla la implementaci\u00f3n del Plan Departamental de Extensi\u00f3n Agropecuaria (PDEA) y los Programas de Desarrollo con Enfoque Territorial (PDET) que son instrumento de planificaci\u00f3n y gesti\u00f3npara el desarrollo integral de los peque\u00f1os y medianos agricultores que buscar\u00e1 potencializar sus capacidades y convertirlos en empresarios del campo.<\/p>\n<p><img loading=\"lazy\" decoding=\"async\" class=\"size-medium wp-image-32770 alignright\" src=\"https:\/\/www.revistazetta.com\/wp-content\/uploads\/2019\/10\/Sosa-2-300x200.jpeg\" alt=\"\" width=\"300\" height=\"200\" \/>Adem\u00e1s, trabajar\u00e1 porque la prestaci\u00f3n del servicio de salud sea oportuna y con calidad, en deporte velar\u00e1 porque se siga avanzando con m\u00e1s infraestructura, formaci\u00f3n y asistencia t\u00e9cnica para los deportistas bolivarenses. En educaci\u00f3n le apuntar\u00e1 a la calidad educativa y el mejoramiento de la infraestructura, trabajar\u00e1 por el fortalecimiento de programas de emprendimiento y proyectos productivos como mecanismo para la generaci\u00f3n de ingreso y empleabilidad. Por ultimo seguir\u00e1 apoyando estrategias que busquen la sostenibilidad ambiental.<\/p>\n<p>El candidato a la asamblea departamental 2020-2023 Jorge Rodr\u00edguez Sosa, ha visitado m\u00e1s de un 90% del departamento durante estos 2 meses de campa\u00f1a, escuchando de las comunidades en cada municipio las necesidades reales para construir propuestas y programas aterrizados que permitan generar un cambio, que involucren a la gente, pero lo m\u00e1s importante es que se genere bienestar y mejoramiento de la calidad de vida de todos los bolivarenses desde Galerazamba hasta Cantagallo.<\/p>\n<p>&nbsp;<\/p>\n<p>&nbsp;<\/p>\n","protected":false},"excerpt":{"rendered":"<p>El candidato a la Asamblea Departamental Jorge Rodr\u00edguez Sosa estuvo de gira por el corregimiento de Tacamochito en el municipio de C\u00f3rdoba donde fue recibido por un grupo de amigos quienes manifestaron su apoyo y respaldo para esta nueva candidatura 2020-2023. Tambi\u00e9n visit\u00f3 municipio de Arroyohondo donde expuso sus propuesta hacia el desarrollo integral del campo y escucho las necesidades de la comunidad quieren requieren m\u00e1s inversi\u00f3n e salud, educaci\u00f3n y v\u00edas. El diputado Jorge Rodr\u00edguez Sosa lleva tres periodos en la Asamblea Departamental de Bol\u00edvar, a trav\u00e9s de su&#8230; <\/p>\n","protected":false},"author":3,"featured_media":32772,"comment_status":"open","ping_status":"closed","sticky":false,"template":"","format":"standard","meta":{"footnotes":"","_links_to":"","_links_to_target":""},"categories":[75,4],"tags":[],"class_list":["post-32768","post","type-post","status-publish","format-standard","has-post-thumbnail","hentry","category-destacada","category-politica"],"_links":{"self":[{"href":"https:\/\/revistazetta.com\/index.php?rest_route=\/wp\/v2\/posts\/32768","targetHints":{"allow":["GET"]}}],"collection":[{"href":"https:\/\/revistazetta.com\/index.php?rest_route=\/wp\/v2\/posts"}],"about":[{"href":"https:\/\/revistazetta.com\/index.php?rest_route=\/wp\/v2\/types\/post"}],"author":[{"embeddable":true,"href":"https:\/\/revistazetta.com\/index.php?rest_route=\/wp\/v2\/users\/3"}],"replies":[{"embeddable":true,"href":"https:\/\/revistazetta.com\/index.php?rest_route=%2Fwp%2Fv2%2Fcomments&post=32768"}],"version-history":[{"count":0,"href":"https:\/\/revistazetta.com\/index.php?rest_route=\/wp\/v2\/posts\/32768\/revisions"}],"wp:featuredmedia":[{"embeddable":true,"href":"https:\/\/revistazetta.com\/index.php?rest_route=\/wp\/v2\/media\/32772"}],"wp:attachment":[{"href":"https:\/\/revistazetta.com\/index.php?rest_route=%2Fwp%2Fv2%2Fmedia&parent=32768"}],"wp:term":[{"taxonomy":"category","embeddable":true,"href":"https:\/\/revistazetta.com\/index.php?rest_route=%2Fwp%2Fv2%2Fcategories&post=32768"},{"taxonomy":"post_tag","embeddable":true,"href":"https:\/\/revistazetta.com\/index.php?rest_route=%2Fwp%2Fv2%2Ftags&post=32768"}],"curies":[{"name":"wp","href":"https:\/\/api.w.org\/{rel}","templated":true}]}}